{"id":21089,"date":"2019-05-02T13:09:43","date_gmt":"2019-05-02T12:09:43","guid":{"rendered":"https:\/\/www.nissan-couriant.fr\/blog\/?p=21089"},"modified":"2019-05-02T13:09:43","modified_gmt":"2019-05-02T12:09:43","slug":"une-nissan-micra-ouvreuse-de-la-course-de-cote-de-bouc-bel-air-2019","status":"publish","type":"post","link":"https:\/\/www.nissan-couriant.fr\/blog\/2019\/05\/02\/une-nissan-micra-ouvreuse-de-la-course-de-cote-de-bouc-bel-air-2019\/","title":{"rendered":"Une Nissan Micra ouvreuse de la Course de C\u00f4te de Bouc-Bel-Air 2019"},"content":{"rendered":"<p>Les 21 et 22 avril derniers, c\u2019est dans le cadre de la Coupe de France Montagne 2019 que <a href=\"http:\/\/www.rallyego.com\/course-de-cote-de-bouc-bel-air\/\" target=\"_blank\" rel=\"noopener\">la 27<sup>e<\/sup> \u00e9dition de la Course de C\u00f4te de Bouc-Bel-Air<\/a> prenait lieu. Un circuit de 800 m\u00e8tres, 45 concurrents, un trac\u00e9 jug\u00e9 \u201ctr\u00e8s technique\u201d par les pilotes\u2026 la manifestation a \u00e9t\u00e9 un r\u00e9el spectacle pour les amateurs du sport automobile.<\/p>\n<p>\u00c0 l\u2019occasion, une MICRA N-TEC 1.7l de notre concession Nissan Couriant a ouvert la comp\u00e9tition. Rouge \u00e9carlate, la citadine a pu mettre en valeur ses finitions sportives et athl\u00e9tiques.<\/p>\n<p>Forte de son design minimaliste et \u00e9pur\u00e9, la MICRA N-TEC est une s\u00e9rie limit\u00e9e de la c\u00e9l\u00e8bre gamme de Nissan. Elle profite d&rsquo;une puissance de 80 \u00e0 98 ch en plus d&rsquo;\u00eatre appareill\u00e9e des technologies Nissan dernier cri.<\/p>\n<p>Si vous voulez tentez l&rsquo;exp\u00e9rience Micra, <a href=\"https:\/\/www.nissan-couriant.fr\/vn\/reserver-un-essai\/44\" target=\"_blank\" rel=\"noopener\">n&rsquo;h\u00e9sitez pas \u00e0 r\u00e9server un essai<\/a> aupr\u00e8s de nos conseillers.<\/p>\n<p><img fetchpriority=\"high\" decoding=\"async\" class=\"alignnone size-full wp-image-21091 colorbox-21089\" src=\"https:\/\/www.nissan-couriant.fr\/blog\/wp-content\/uploads\/2019\/04\/IMG_6005-squashed.jpg\" alt=\"\" width=\"1296\" height=\"864\" srcset=\"https:\/\/www.nissan-couriant.fr\/blog\/wp-content\/uploads\/2019\/04\/IMG_6005-squashed.jpg 1296w, https:\/\/www.nissan-couriant.fr\/blog\/wp-content\/uploads\/2019\/04\/IMG_6005-squashed-645x430.jpg 645w, https:\/\/www.nissan-couriant.fr\/blog\/wp-content\/uploads\/2019\/04\/IMG_6005-squashed-768x512.jpg 768w, https:\/\/www.nissan-couriant.fr\/blog\/wp-content\/uploads\/2019\/04\/IMG_6005-squashed-1024x683.jpg 1024w\" sizes=\"(max-width: 1296px) 100vw, 1296px\" \/> <img decoding=\"async\" class=\"alignnone size-full wp-image-21092 colorbox-21089\" src=\"https:\/\/www.nissan-couriant.fr\/blog\/wp-content\/uploads\/2019\/04\/IMG_6071-squashed.jpg\" alt=\"\" width=\"1296\" height=\"864\" srcset=\"https:\/\/www.nissan-couriant.fr\/blog\/wp-content\/uploads\/2019\/04\/IMG_6071-squashed.jpg 1296w, https:\/\/www.nissan-couriant.fr\/blog\/wp-content\/uploads\/2019\/04\/IMG_6071-squashed-645x430.jpg 645w, https:\/\/www.nissan-couriant.fr\/blog\/wp-content\/uploads\/2019\/04\/IMG_6071-squashed-768x512.jpg 768w, https:\/\/www.nissan-couriant.fr\/blog\/wp-content\/uploads\/2019\/04\/IMG_6071-squashed-1024x683.jpg 1024w\" sizes=\"(max-width: 1296px) 100vw, 1296px\" \/> <img decoding=\"async\" class=\"alignnone size-full wp-image-21093 colorbox-21089\" src=\"https:\/\/www.nissan-couriant.fr\/blog\/wp-content\/uploads\/2019\/04\/IMG_6072-squashed.jpg\" alt=\"\" width=\"1296\" height=\"864\" srcset=\"https:\/\/www.nissan-couriant.fr\/blog\/wp-content\/uploads\/2019\/04\/IMG_6072-squashed.jpg 1296w, https:\/\/www.nissan-couriant.fr\/blog\/wp-content\/uploads\/2019\/04\/IMG_6072-squashed-645x430.jpg 645w, https:\/\/www.nissan-couriant.fr\/blog\/wp-content\/uploads\/2019\/04\/IMG_6072-squashed-768x512.jpg 768w, https:\/\/www.nissan-couriant.fr\/blog\/wp-content\/uploads\/2019\/04\/IMG_6072-squashed-1024x683.jpg 1024w\" sizes=\"(max-width: 1296px) 100vw, 1296px\" \/> <img loading=\"lazy\" decoding=\"async\" class=\"alignnone size-full wp-image-21094 colorbox-21089\" src=\"https:\/\/www.nissan-couriant.fr\/blog\/wp-content\/uploads\/2019\/04\/IMG_6093-squashed.jpg\" alt=\"\" width=\"1296\" height=\"864\" srcset=\"https:\/\/www.nissan-couriant.fr\/blog\/wp-content\/uploads\/2019\/04\/IMG_6093-squashed.jpg 1296w, https:\/\/www.nissan-couriant.fr\/blog\/wp-content\/uploads\/2019\/04\/IMG_6093-squashed-645x430.jpg 645w, https:\/\/www.nissan-couriant.fr\/blog\/wp-content\/uploads\/2019\/04\/IMG_6093-squashed-768x512.jpg 768w, https:\/\/www.nissan-couriant.fr\/blog\/wp-content\/uploads\/2019\/04\/IMG_6093-squashed-1024x683.jpg 1024w\" sizes=\"(max-width: 1296px) 100vw, 1296px\" \/><\/p>\n<p><img loading=\"lazy\" decoding=\"async\" class=\"alignnone size-full wp-image-21097 colorbox-21089\" src=\"https:\/\/www.nissan-couriant.fr\/blog\/wp-content\/uploads\/2019\/04\/IMG_5982-squashed.jpg\" alt=\"\" width=\"1296\" height=\"864\" srcset=\"https:\/\/www.nissan-couriant.fr\/blog\/wp-content\/uploads\/2019\/04\/IMG_5982-squashed.jpg 1296w, https:\/\/www.nissan-couriant.fr\/blog\/wp-content\/uploads\/2019\/04\/IMG_5982-squashed-645x430.jpg 645w, https:\/\/www.nissan-couriant.fr\/blog\/wp-content\/uploads\/2019\/04\/IMG_5982-squashed-768x512.jpg 768w, https:\/\/www.nissan-couriant.fr\/blog\/wp-content\/uploads\/2019\/04\/IMG_5982-squashed-1024x683.jpg 1024w\" sizes=\"(max-width: 1296px) 100vw, 1296px\" \/> <img loading=\"lazy\" decoding=\"async\" class=\"alignnone size-full wp-image-21098 colorbox-21089\" src=\"https:\/\/www.nissan-couriant.fr\/blog\/wp-content\/uploads\/2019\/04\/IMG_6095-squashed.jpg\" alt=\"\" width=\"1296\" height=\"864\" srcset=\"https:\/\/www.nissan-couriant.fr\/blog\/wp-content\/uploads\/2019\/04\/IMG_6095-squashed.jpg 1296w, https:\/\/www.nissan-couriant.fr\/blog\/wp-content\/uploads\/2019\/04\/IMG_6095-squashed-645x430.jpg 645w, https:\/\/www.nissan-couriant.fr\/blog\/wp-content\/uploads\/2019\/04\/IMG_6095-squashed-768x512.jpg 768w, https:\/\/www.nissan-couriant.fr\/blog\/wp-content\/uploads\/2019\/04\/IMG_6095-squashed-1024x683.jpg 1024w\" sizes=\"(max-width: 1296px) 100vw, 1296px\" \/><\/p>\n","protected":false},"excerpt":{"rendered":"<p>Les 21 et 22 avril derniers, c\u2019est dans le cadre de la Coupe de France Montagne 2019 que la 27e \u00e9dition de la Course de C\u00f4te de Bouc-Bel-Air prenait lieu&#8230;.<\/p>\n","protected":false},"author":1101,"featured_media":21096,"comment_status":"open","ping_status":"closed","sticky":false,"template":"","format":"standard","meta":{"footnotes":""},"categories":[4,203],"tags":[1442,173,62,118],"class_list":["post-21089","post","type-post","status-publish","format-standard","has-post-thumbnail","hentry","category-micra","category-sport","tag-cote-de-bouc-bel-air","tag-course","tag-nissan","tag-nissan-micra"],"yoast_head":"<!-- This site is optimized with the Yoast SEO plugin v24.4 - https:\/\/yoast.com\/wordpress\/plugins\/seo\/ -->\n<title>Une Nissan Micra ouvreuse de la Course de C\u00f4te de Bouc-Bel-Air 2019 - Nissan Couriant Aix en Provence<\/title>\n<meta name=\"description\" content=\"\u00c0 l&#039;occasion de la 27e \u00e9dition de la Course de C\u00f4te de Bouc-Bel-Air, une Micra des concessions Nissan Couriant a ouvert la comp\u00e9tition.\" \/>\n<meta name=\"robots\" content=\"index, follow, max-snippet:-1, max-image-preview:large, max-video-preview:-1\" \/>\n<link rel=\"canonical\" href=\"https:\/\/www.nissan-couriant.fr\/blog\/2019\/05\/02\/une-nissan-micra-ouvreuse-de-la-course-de-cote-de-bouc-bel-air-2019\/\" \/>\n<meta property=\"og:locale\" content=\"fr_FR\" \/>\n<meta property=\"og:type\" content=\"article\" \/>\n<meta property=\"og:title\" content=\"Une Nissan Micra ouvreuse de la Course de C\u00f4te de Bouc-Bel-Air 2019 - Nissan Couriant Aix en Provence\" \/>\n<meta property=\"og:description\" content=\"\u00c0 l&#039;occasion de la 27e \u00e9dition de la Course de C\u00f4te de Bouc-Bel-Air, une Micra des concessions Nissan Couriant a ouvert la comp\u00e9tition.\" \/>\n<meta property=\"og:url\" content=\"https:\/\/www.nissan-couriant.fr\/blog\/2019\/05\/02\/une-nissan-micra-ouvreuse-de-la-course-de-cote-de-bouc-bel-air-2019\/\" \/>\n<meta property=\"og:site_name\" content=\"Nissan Couriant Aix en Provence\" \/>\n<meta property=\"article:publisher\" content=\"https:\/\/www.facebook.com\/nissancouriant\" \/>\n<meta property=\"article:published_time\" content=\"2019-05-02T12:09:43+00:00\" \/>\n<meta property=\"og:image\" content=\"https:\/\/www.nissan-couriant.fr\/blog\/wp-content\/uploads\/2019\/04\/IMG_6071-squashed-1.jpg\" \/>\n\t<meta property=\"og:image:width\" content=\"1296\" \/>\n\t<meta property=\"og:image:height\" content=\"688\" \/>\n\t<meta property=\"og:image:type\" content=\"image\/jpeg\" \/>\n<meta name=\"author\" content=\"Laura\" \/>\n<meta name=\"twitter:card\" content=\"summary_large_image\" \/>\n<meta name=\"twitter:creator\" content=\"@NissanCouriant\" \/>\n<meta name=\"twitter:site\" content=\"@NissanCouriant\" \/>\n<meta name=\"twitter:label1\" content=\"\u00c9crit par\" \/>\n\t<meta name=\"twitter:data1\" content=\"Laura\" \/>\n\t<meta name=\"twitter:label2\" content=\"Dur\u00e9e de lecture estim\u00e9e\" \/>\n\t<meta name=\"twitter:data2\" content=\"1 minute\" \/>\n<script type=\"application\/ld+json\" class=\"yoast-schema-graph\">{\"@context\":\"https:\/\/schema.org\",\"@graph\":[{\"@type\":\"WebPage\",\"@id\":\"https:\/\/www.nissan-couriant.fr\/blog\/2019\/05\/02\/une-nissan-micra-ouvreuse-de-la-course-de-cote-de-bouc-bel-air-2019\/\",\"url\":\"https:\/\/www.nissan-couriant.fr\/blog\/2019\/05\/02\/une-nissan-micra-ouvreuse-de-la-course-de-cote-de-bouc-bel-air-2019\/\",\"name\":\"Une Nissan Micra ouvreuse de la Course de C\u00f4te de Bouc-Bel-Air 2019 - Nissan Couriant Aix en Provence\",\"isPartOf\":{\"@id\":\"https:\/\/www.nissan-couriant.fr\/blog\/#website\"},\"primaryImageOfPage\":{\"@id\":\"https:\/\/www.nissan-couriant.fr\/blog\/2019\/05\/02\/une-nissan-micra-ouvreuse-de-la-course-de-cote-de-bouc-bel-air-2019\/#primaryimage\"},\"image\":{\"@id\":\"https:\/\/www.nissan-couriant.fr\/blog\/2019\/05\/02\/une-nissan-micra-ouvreuse-de-la-course-de-cote-de-bouc-bel-air-2019\/#primaryimage\"},\"thumbnailUrl\":\"https:\/\/www.nissan-couriant.fr\/blog\/wp-content\/uploads\/2019\/04\/IMG_6071-squashed-1.jpg\",\"datePublished\":\"2019-05-02T12:09:43+00:00\",\"author\":{\"@id\":\"https:\/\/www.nissan-couriant.fr\/blog\/#\/schema\/person\/41a03274ac74ba26549677c01c8c8f95\"},\"description\":\"\u00c0 l'occasion de la 27e \u00e9dition de la Course de C\u00f4te de Bouc-Bel-Air, une Micra des concessions Nissan Couriant a ouvert la comp\u00e9tition.\",\"breadcrumb\":{\"@id\":\"https:\/\/www.nissan-couriant.fr\/blog\/2019\/05\/02\/une-nissan-micra-ouvreuse-de-la-course-de-cote-de-bouc-bel-air-2019\/#breadcrumb\"},\"inLanguage\":\"fr-FR\",\"potentialAction\":[{\"@type\":\"ReadAction\",\"target\":[\"https:\/\/www.nissan-couriant.fr\/blog\/2019\/05\/02\/une-nissan-micra-ouvreuse-de-la-course-de-cote-de-bouc-bel-air-2019\/\"]}]},{\"@type\":\"ImageObject\",\"inLanguage\":\"fr-FR\",\"@id\":\"https:\/\/www.nissan-couriant.fr\/blog\/2019\/05\/02\/une-nissan-micra-ouvreuse-de-la-course-de-cote-de-bouc-bel-air-2019\/#primaryimage\",\"url\":\"https:\/\/www.nissan-couriant.fr\/blog\/wp-content\/uploads\/2019\/04\/IMG_6071-squashed-1.jpg\",\"contentUrl\":\"https:\/\/www.nissan-couriant.fr\/blog\/wp-content\/uploads\/2019\/04\/IMG_6071-squashed-1.jpg\",\"width\":1296,\"height\":688},{\"@type\":\"BreadcrumbList\",\"@id\":\"https:\/\/www.nissan-couriant.fr\/blog\/2019\/05\/02\/une-nissan-micra-ouvreuse-de-la-course-de-cote-de-bouc-bel-air-2019\/#breadcrumb\",\"itemListElement\":[{\"@type\":\"ListItem\",\"position\":1,\"name\":\"Accueil\",\"item\":\"https:\/\/www.nissan-couriant.fr\/blog\/\"},{\"@type\":\"ListItem\",\"position\":2,\"name\":\"Une Nissan Micra ouvreuse de la Course de C\u00f4te de Bouc-Bel-Air 2019\"}]},{\"@type\":\"WebSite\",\"@id\":\"https:\/\/www.nissan-couriant.fr\/blog\/#website\",\"url\":\"https:\/\/www.nissan-couriant.fr\/blog\/\",\"name\":\"Nissan Couriant Aix en Provence\",\"description\":\"Distributeur Nissan \u00e0 Aix en Provence et Pays d&#039;Aix, v\u00e9hicules neufs et d&#039;occasion\",\"potentialAction\":[{\"@type\":\"SearchAction\",\"target\":{\"@type\":\"EntryPoint\",\"urlTemplate\":\"https:\/\/www.nissan-couriant.fr\/blog\/?s={search_term_string}\"},\"query-input\":{\"@type\":\"PropertyValueSpecification\",\"valueRequired\":true,\"valueName\":\"search_term_string\"}}],\"inLanguage\":\"fr-FR\"},{\"@type\":\"Person\",\"@id\":\"https:\/\/www.nissan-couriant.fr\/blog\/#\/schema\/person\/41a03274ac74ba26549677c01c8c8f95\",\"name\":\"Laura\",\"image\":{\"@type\":\"ImageObject\",\"inLanguage\":\"fr-FR\",\"@id\":\"https:\/\/www.nissan-couriant.fr\/blog\/#\/schema\/person\/image\/\",\"url\":\"https:\/\/secure.gravatar.com\/avatar\/efc9f8844553d88b37d54276fd17d9c7?s=96&d=mm&r=g\",\"contentUrl\":\"https:\/\/secure.gravatar.com\/avatar\/efc9f8844553d88b37d54276fd17d9c7?s=96&d=mm&r=g\",\"caption\":\"Laura\"},\"url\":\"https:\/\/www.nissan-couriant.fr\/blog\/author\/laura\/\"}]}<\/script>\n<!-- \/ Yoast SEO plugin. -->","yoast_head_json":{"title":"Une Nissan Micra ouvreuse de la Course de C\u00f4te de Bouc-Bel-Air 2019 - Nissan Couriant Aix en Provence","description":"\u00c0 l'occasion de la 27e \u00e9dition de la Course de C\u00f4te de Bouc-Bel-Air, une Micra des concessions Nissan Couriant a ouvert la comp\u00e9tition.","robots":{"index":"index","follow":"follow","max-snippet":"max-snippet:-1","max-image-preview":"max-image-preview:large","max-video-preview":"max-video-preview:-1"},"canonical":"https:\/\/www.nissan-couriant.fr\/blog\/2019\/05\/02\/une-nissan-micra-ouvreuse-de-la-course-de-cote-de-bouc-bel-air-2019\/","og_locale":"fr_FR","og_type":"article","og_title":"Une Nissan Micra ouvreuse de la Course de C\u00f4te de Bouc-Bel-Air 2019 - Nissan Couriant Aix en Provence","og_description":"\u00c0 l'occasion de la 27e \u00e9dition de la Course de C\u00f4te de Bouc-Bel-Air, une Micra des concessions Nissan Couriant a ouvert la comp\u00e9tition.","og_url":"https:\/\/www.nissan-couriant.fr\/blog\/2019\/05\/02\/une-nissan-micra-ouvreuse-de-la-course-de-cote-de-bouc-bel-air-2019\/","og_site_name":"Nissan Couriant Aix en Provence","article_publisher":"https:\/\/www.facebook.com\/nissancouriant","article_published_time":"2019-05-02T12:09:43+00:00","og_image":[{"width":1296,"height":688,"url":"https:\/\/www.nissan-couriant.fr\/blog\/wp-content\/uploads\/2019\/04\/IMG_6071-squashed-1.jpg","type":"image\/jpeg"}],"author":"Laura","twitter_card":"summary_large_image","twitter_creator":"@NissanCouriant","twitter_site":"@NissanCouriant","twitter_misc":{"\u00c9crit par":"Laura","Dur\u00e9e de lecture estim\u00e9e":"1 minute"},"schema":{"@context":"https:\/\/schema.org","@graph":[{"@type":"WebPage","@id":"https:\/\/www.nissan-couriant.fr\/blog\/2019\/05\/02\/une-nissan-micra-ouvreuse-de-la-course-de-cote-de-bouc-bel-air-2019\/","url":"https:\/\/www.nissan-couriant.fr\/blog\/2019\/05\/02\/une-nissan-micra-ouvreuse-de-la-course-de-cote-de-bouc-bel-air-2019\/","name":"Une Nissan Micra ouvreuse de la Course de C\u00f4te de Bouc-Bel-Air 2019 - Nissan Couriant Aix en Provence","isPartOf":{"@id":"https:\/\/www.nissan-couriant.fr\/blog\/#website"},"primaryImageOfPage":{"@id":"https:\/\/www.nissan-couriant.fr\/blog\/2019\/05\/02\/une-nissan-micra-ouvreuse-de-la-course-de-cote-de-bouc-bel-air-2019\/#primaryimage"},"image":{"@id":"https:\/\/www.nissan-couriant.fr\/blog\/2019\/05\/02\/une-nissan-micra-ouvreuse-de-la-course-de-cote-de-bouc-bel-air-2019\/#primaryimage"},"thumbnailUrl":"https:\/\/www.nissan-couriant.fr\/blog\/wp-content\/uploads\/2019\/04\/IMG_6071-squashed-1.jpg","datePublished":"2019-05-02T12:09:43+00:00","author":{"@id":"https:\/\/www.nissan-couriant.fr\/blog\/#\/schema\/person\/41a03274ac74ba26549677c01c8c8f95"},"description":"\u00c0 l'occasion de la 27e \u00e9dition de la Course de C\u00f4te de Bouc-Bel-Air, une Micra des concessions Nissan Couriant a ouvert la comp\u00e9tition.","breadcrumb":{"@id":"https:\/\/www.nissan-couriant.fr\/blog\/2019\/05\/02\/une-nissan-micra-ouvreuse-de-la-course-de-cote-de-bouc-bel-air-2019\/#breadcrumb"},"inLanguage":"fr-FR","potentialAction":[{"@type":"ReadAction","target":["https:\/\/www.nissan-couriant.fr\/blog\/2019\/05\/02\/une-nissan-micra-ouvreuse-de-la-course-de-cote-de-bouc-bel-air-2019\/"]}]},{"@type":"ImageObject","inLanguage":"fr-FR","@id":"https:\/\/www.nissan-couriant.fr\/blog\/2019\/05\/02\/une-nissan-micra-ouvreuse-de-la-course-de-cote-de-bouc-bel-air-2019\/#primaryimage","url":"https:\/\/www.nissan-couriant.fr\/blog\/wp-content\/uploads\/2019\/04\/IMG_6071-squashed-1.jpg","contentUrl":"https:\/\/www.nissan-couriant.fr\/blog\/wp-content\/uploads\/2019\/04\/IMG_6071-squashed-1.jpg","width":1296,"height":688},{"@type":"BreadcrumbList","@id":"https:\/\/www.nissan-couriant.fr\/blog\/2019\/05\/02\/une-nissan-micra-ouvreuse-de-la-course-de-cote-de-bouc-bel-air-2019\/#breadcrumb","itemListElement":[{"@type":"ListItem","position":1,"name":"Accueil","item":"https:\/\/www.nissan-couriant.fr\/blog\/"},{"@type":"ListItem","position":2,"name":"Une Nissan Micra ouvreuse de la Course de C\u00f4te de Bouc-Bel-Air 2019"}]},{"@type":"WebSite","@id":"https:\/\/www.nissan-couriant.fr\/blog\/#website","url":"https:\/\/www.nissan-couriant.fr\/blog\/","name":"Nissan Couriant Aix en Provence","description":"Distributeur Nissan \u00e0 Aix en Provence et Pays d&#039;Aix, v\u00e9hicules neufs et d&#039;occasion","potentialAction":[{"@type":"SearchAction","target":{"@type":"EntryPoint","urlTemplate":"https:\/\/www.nissan-couriant.fr\/blog\/?s={search_term_string}"},"query-input":{"@type":"PropertyValueSpecification","valueRequired":true,"valueName":"search_term_string"}}],"inLanguage":"fr-FR"},{"@type":"Person","@id":"https:\/\/www.nissan-couriant.fr\/blog\/#\/schema\/person\/41a03274ac74ba26549677c01c8c8f95","name":"Laura","image":{"@type":"ImageObject","inLanguage":"fr-FR","@id":"https:\/\/www.nissan-couriant.fr\/blog\/#\/schema\/person\/image\/","url":"https:\/\/secure.gravatar.com\/avatar\/efc9f8844553d88b37d54276fd17d9c7?s=96&d=mm&r=g","contentUrl":"https:\/\/secure.gravatar.com\/avatar\/efc9f8844553d88b37d54276fd17d9c7?s=96&d=mm&r=g","caption":"Laura"},"url":"https:\/\/www.nissan-couriant.fr\/blog\/author\/laura\/"}]}},"publishpress_future_action":{"enabled":false,"date":"2026-09-13 14:48:00","action":"change-status","newStatus":"draft","terms":[],"taxonomy":"category"},"publishpress_future_workflow_manual_trigger":{"enabledWorkflows":[]},"_links":{"self":[{"href":"https:\/\/www.nissan-couriant.fr\/blog\/wp-json\/wp\/v2\/posts\/21089","targetHints":{"allow":["GET"]}}],"collection":[{"href":"https:\/\/www.nissan-couriant.fr\/blog\/wp-json\/wp\/v2\/posts"}],"about":[{"href":"https:\/\/www.nissan-couriant.fr\/blog\/wp-json\/wp\/v2\/types\/post"}],"author":[{"embeddable":true,"href":"https:\/\/www.nissan-couriant.fr\/blog\/wp-json\/wp\/v2\/users\/1101"}],"replies":[{"embeddable":true,"href":"https:\/\/www.nissan-couriant.fr\/blog\/wp-json\/wp\/v2\/comments?post=21089"}],"version-history":[{"count":5,"href":"https:\/\/www.nissan-couriant.fr\/blog\/wp-json\/wp\/v2\/posts\/21089\/revisions"}],"predecessor-version":[{"id":21103,"href":"https:\/\/www.nissan-couriant.fr\/blog\/wp-json\/wp\/v2\/posts\/21089\/revisions\/21103"}],"wp:featuredmedia":[{"embeddable":true,"href":"https:\/\/www.nissan-couriant.fr\/blog\/wp-json\/wp\/v2\/media\/21096"}],"wp:attachment":[{"href":"https:\/\/www.nissan-couriant.fr\/blog\/wp-json\/wp\/v2\/media?parent=21089"}],"wp:term":[{"taxonomy":"category","embeddable":true,"href":"https:\/\/www.nissan-couriant.fr\/blog\/wp-json\/wp\/v2\/categories?post=21089"},{"taxonomy":"post_tag","embeddable":true,"href":"https:\/\/www.nissan-couriant.fr\/blog\/wp-json\/wp\/v2\/tags?post=21089"}],"curies":[{"name":"wp","href":"https:\/\/api.w.org\/{rel}","templated":true}]}}