{"id":21431,"date":"2019-07-15T13:55:44","date_gmt":"2019-07-15T12:55:44","guid":{"rendered":"https:\/\/www.nissan-couriant.fr\/blog\/?p=21431"},"modified":"2019-07-15T13:55:44","modified_gmt":"2019-07-15T12:55:44","slug":"formule-e-nissan-edams-newyprk-buemi","status":"publish","type":"post","link":"https:\/\/www.nissan-couriant.fr\/blog\/2019\/07\/15\/formule-e-nissan-edams-newyprk-buemi\/","title":{"rendered":"Nissan remporte sa premi\u00e8re course en Formule E \u00e0 New York !"},"content":{"rendered":"<p>Ce week-end marquait la fin de la premi\u00e8re saison en<strong> Formule E<\/strong> pour <strong>Nissan e.dams<\/strong>. Une saison rythm\u00e9e par de nombreux podiums et qui a connu son point d\u2019orgue samedi, dans la premi\u00e8re des deux courses New Yorkaise, avec une <strong>victoire finale de Sebastien Buemi<\/strong>.<\/p>\n<h2 style=\"text-align: center;\">Une premi\u00e8re saison exceptionnelle<\/h2>\n<p>Apr\u00e8s avoir align\u00e9 trois podiums cons\u00e9cutifs, Nissan e.dams et son pilote <strong>Sebastien Buemi<\/strong> ont de nouveau fait parler d\u2019eux samedi, sur le circuit urbain de <strong>Brooklyn<\/strong>.<\/p>\n<p>Le week-end avait parfaitement commenc\u00e9 pour le pilote suisse de l\u2019\u00e9curie nippone. Apr\u00e8s avoir battu le record historique du plus grand nombre de p\u00f4les en une saison pour une seule \u00e9quipe en<strong> Formule E<\/strong> (6), <strong>Sebastien Buemi<\/strong> s\u2019est montr\u00e9 d\u2019un calme \u00e0 toute \u00e9preuve en course, que m\u00eame la voiture de s\u00e9curit\u00e9 n\u2019aurait pu perturber.<\/p>\n<p>En franchissant le drapeau \u00e0 damier en premier, <strong>Sebastien Buemi<\/strong> s\u2019est donc offert sa premi\u00e8re victoire de la saison, mais dans le m\u00eame temps, a offert \u00e0 <strong>Nissan e.dams<\/strong> la premi\u00e8re victoire de son histoire en <strong>Formule E.<\/strong> Son co\u00e9quipier, le Britannique Oliver Rowland n\u2019aura pas eu la m\u00eame r\u00e9ussite et terminera en dehors des points.<\/p>\n<h2 style=\"text-align: center;\">Un podium dans la seconde course<\/h2>\n<p>Apr\u00e8s sa belle victoire la veille, <strong>Sebastien Buemi a sign\u00e9 un nouveau podium dans la derni\u00e8re course du week-end qui cl\u00f4turait la saison de Formule E<\/strong>. En terminant troisi\u00e8me, le pilote Suisse a d\u00e9montr\u00e9 une nouvelle fois sa r\u00e9gularit\u00e9, dans une course plus compliqu\u00e9e que la pr\u00e9c\u00e9dente, toujours sur le circuit urbain de <strong>Brooklyn<\/strong>.<\/p>\n<p>Oliver Rowland a lui aussi \u00e9t\u00e9 l\u2019auteur d\u2019une belle course en terminant 6e.<\/p>\n<h2 style=\"text-align: center;\">Nissan e.dams, le bilan de la saison<\/h2>\n<p>Gr\u00e2ce \u00e0 une superbe deuxi\u00e8me partie de saison, <strong>Sebastien Buemi s\u2019est hiss\u00e9 en seconde position du classement g\u00e9n\u00e9ral<\/strong>, derri\u00e8re Jean-\u00c9ric Vergne. <strong>Oliver Rowland entre quant \u00e0 lui dans le top 10<\/strong> !<\/p>\n<p>Pour sa premi\u00e8re saison en <strong>Formule E<\/strong>, Nissan e.dams termine au pied du podium, \u00e0 la 4e place du classement des \u00e9quipes. Une belle performance qui devrait nourrir encore un peu plus les ambitions de l\u2019\u00e9curie nippone.<\/p>\n<p><img fetchpriority=\"high\" decoding=\"async\" class=\"alignnone size-full wp-image-21432 colorbox-21431\" src=\"https:\/\/www.nissan-couriant.fr\/blog\/wp-content\/uploads\/2019\/07\/nissan-formule-e-newyork-buemi-1.jpg\" alt=\"\" width=\"1300\" height=\"867\" srcset=\"https:\/\/www.nissan-couriant.fr\/blog\/wp-content\/uploads\/2019\/07\/nissan-formule-e-newyork-buemi-1.jpg 1300w, https:\/\/www.nissan-couriant.fr\/blog\/wp-content\/uploads\/2019\/07\/nissan-formule-e-newyork-buemi-1-645x430.jpg 645w, https:\/\/www.nissan-couriant.fr\/blog\/wp-content\/uploads\/2019\/07\/nissan-formule-e-newyork-buemi-1-768x512.jpg 768w, https:\/\/www.nissan-couriant.fr\/blog\/wp-content\/uploads\/2019\/07\/nissan-formule-e-newyork-buemi-1-1024x683.jpg 1024w\" sizes=\"(max-width: 1300px) 100vw, 1300px\" \/> <img decoding=\"async\" class=\"alignnone size-full wp-image-21450 colorbox-21431\" src=\"https:\/\/www.nissan-couriant.fr\/blog\/wp-content\/uploads\/2019\/07\/nissan-formule-e-newyork-buemi-19.jpg\" alt=\"\" width=\"1300\" height=\"867\" srcset=\"https:\/\/www.nissan-couriant.fr\/blog\/wp-content\/uploads\/2019\/07\/nissan-formule-e-newyork-buemi-19.jpg 1300w, https:\/\/www.nissan-couriant.fr\/blog\/wp-content\/uploads\/2019\/07\/nissan-formule-e-newyork-buemi-19-645x430.jpg 645w, https:\/\/www.nissan-couriant.fr\/blog\/wp-content\/uploads\/2019\/07\/nissan-formule-e-newyork-buemi-19-768x512.jpg 768w, https:\/\/www.nissan-couriant.fr\/blog\/wp-content\/uploads\/2019\/07\/nissan-formule-e-newyork-buemi-19-1024x683.jpg 1024w\" sizes=\"(max-width: 1300px) 100vw, 1300px\" \/> <img decoding=\"async\" class=\"alignnone size-full wp-image-21446 colorbox-21431\" src=\"https:\/\/www.nissan-couriant.fr\/blog\/wp-content\/uploads\/2019\/07\/nissan-formule-e-newyork-buemi-15.jpg\" alt=\"\" width=\"1300\" height=\"867\" srcset=\"https:\/\/www.nissan-couriant.fr\/blog\/wp-content\/uploads\/2019\/07\/nissan-formule-e-newyork-buemi-15.jpg 1300w, https:\/\/www.nissan-couriant.fr\/blog\/wp-content\/uploads\/2019\/07\/nissan-formule-e-newyork-buemi-15-645x430.jpg 645w, https:\/\/www.nissan-couriant.fr\/blog\/wp-content\/uploads\/2019\/07\/nissan-formule-e-newyork-buemi-15-768x512.jpg 768w, https:\/\/www.nissan-couriant.fr\/blog\/wp-content\/uploads\/2019\/07\/nissan-formule-e-newyork-buemi-15-1024x683.jpg 1024w\" sizes=\"(max-width: 1300px) 100vw, 1300px\" \/> <img loading=\"lazy\" decoding=\"async\" class=\"alignnone size-full wp-image-21445 colorbox-21431\" src=\"https:\/\/www.nissan-couriant.fr\/blog\/wp-content\/uploads\/2019\/07\/nissan-formule-e-newyork-buemi-14.jpg\" alt=\"\" width=\"1300\" height=\"867\" srcset=\"https:\/\/www.nissan-couriant.fr\/blog\/wp-content\/uploads\/2019\/07\/nissan-formule-e-newyork-buemi-14.jpg 1300w, https:\/\/www.nissan-couriant.fr\/blog\/wp-content\/uploads\/2019\/07\/nissan-formule-e-newyork-buemi-14-645x430.jpg 645w, https:\/\/www.nissan-couriant.fr\/blog\/wp-content\/uploads\/2019\/07\/nissan-formule-e-newyork-buemi-14-768x512.jpg 768w, https:\/\/www.nissan-couriant.fr\/blog\/wp-content\/uploads\/2019\/07\/nissan-formule-e-newyork-buemi-14-1024x683.jpg 1024w\" sizes=\"(max-width: 1300px) 100vw, 1300px\" \/> <img loading=\"lazy\" decoding=\"async\" class=\"alignnone size-full wp-image-21444 colorbox-21431\" src=\"https:\/\/www.nissan-couriant.fr\/blog\/wp-content\/uploads\/2019\/07\/nissan-formule-e-newyork-buemi-13.jpg\" alt=\"\" width=\"1300\" height=\"867\" srcset=\"https:\/\/www.nissan-couriant.fr\/blog\/wp-content\/uploads\/2019\/07\/nissan-formule-e-newyork-buemi-13.jpg 1300w, https:\/\/www.nissan-couriant.fr\/blog\/wp-content\/uploads\/2019\/07\/nissan-formule-e-newyork-buemi-13-645x430.jpg 645w, https:\/\/www.nissan-couriant.fr\/blog\/wp-content\/uploads\/2019\/07\/nissan-formule-e-newyork-buemi-13-768x512.jpg 768w, https:\/\/www.nissan-couriant.fr\/blog\/wp-content\/uploads\/2019\/07\/nissan-formule-e-newyork-buemi-13-1024x683.jpg 1024w\" sizes=\"(max-width: 1300px) 100vw, 1300px\" \/> <img loading=\"lazy\" decoding=\"async\" class=\"alignnone size-full wp-image-21443 colorbox-21431\" src=\"https:\/\/www.nissan-couriant.fr\/blog\/wp-content\/uploads\/2019\/07\/nissan-formule-e-newyork-buemi-12.jpg\" alt=\"\" width=\"1300\" height=\"867\" srcset=\"https:\/\/www.nissan-couriant.fr\/blog\/wp-content\/uploads\/2019\/07\/nissan-formule-e-newyork-buemi-12.jpg 1300w, https:\/\/www.nissan-couriant.fr\/blog\/wp-content\/uploads\/2019\/07\/nissan-formule-e-newyork-buemi-12-645x430.jpg 645w, https:\/\/www.nissan-couriant.fr\/blog\/wp-content\/uploads\/2019\/07\/nissan-formule-e-newyork-buemi-12-768x512.jpg 768w, https:\/\/www.nissan-couriant.fr\/blog\/wp-content\/uploads\/2019\/07\/nissan-formule-e-newyork-buemi-12-1024x683.jpg 1024w\" sizes=\"(max-width: 1300px) 100vw, 1300px\" \/> <img loading=\"lazy\" decoding=\"async\" class=\"alignnone size-full wp-image-21442 colorbox-21431\" src=\"https:\/\/www.nissan-couriant.fr\/blog\/wp-content\/uploads\/2019\/07\/nissan-formule-e-newyork-buemi-11.jpg\" alt=\"\" width=\"1300\" height=\"867\" srcset=\"https:\/\/www.nissan-couriant.fr\/blog\/wp-content\/uploads\/2019\/07\/nissan-formule-e-newyork-buemi-11.jpg 1300w, https:\/\/www.nissan-couriant.fr\/blog\/wp-content\/uploads\/2019\/07\/nissan-formule-e-newyork-buemi-11-645x430.jpg 645w, https:\/\/www.nissan-couriant.fr\/blog\/wp-content\/uploads\/2019\/07\/nissan-formule-e-newyork-buemi-11-768x512.jpg 768w, https:\/\/www.nissan-couriant.fr\/blog\/wp-content\/uploads\/2019\/07\/nissan-formule-e-newyork-buemi-11-1024x683.jpg 1024w\" sizes=\"(max-width: 1300px) 100vw, 1300px\" \/> <img loading=\"lazy\" decoding=\"async\" class=\"alignnone size-full wp-image-21440 colorbox-21431\" src=\"https:\/\/www.nissan-couriant.fr\/blog\/wp-content\/uploads\/2019\/07\/nissan-formule-e-newyork-buemi-9.jpg\" alt=\"\" width=\"1300\" height=\"867\" srcset=\"https:\/\/www.nissan-couriant.fr\/blog\/wp-content\/uploads\/2019\/07\/nissan-formule-e-newyork-buemi-9.jpg 1300w, https:\/\/www.nissan-couriant.fr\/blog\/wp-content\/uploads\/2019\/07\/nissan-formule-e-newyork-buemi-9-645x430.jpg 645w, https:\/\/www.nissan-couriant.fr\/blog\/wp-content\/uploads\/2019\/07\/nissan-formule-e-newyork-buemi-9-768x512.jpg 768w, https:\/\/www.nissan-couriant.fr\/blog\/wp-content\/uploads\/2019\/07\/nissan-formule-e-newyork-buemi-9-1024x683.jpg 1024w\" sizes=\"(max-width: 1300px) 100vw, 1300px\" \/> <img loading=\"lazy\" decoding=\"async\" class=\"alignnone size-full wp-image-21437 colorbox-21431\" src=\"https:\/\/www.nissan-couriant.fr\/blog\/wp-content\/uploads\/2019\/07\/nissan-formule-e-newyork-buemi-6.jpg\" alt=\"\" width=\"1300\" height=\"867\" srcset=\"https:\/\/www.nissan-couriant.fr\/blog\/wp-content\/uploads\/2019\/07\/nissan-formule-e-newyork-buemi-6.jpg 1300w, https:\/\/www.nissan-couriant.fr\/blog\/wp-content\/uploads\/2019\/07\/nissan-formule-e-newyork-buemi-6-645x430.jpg 645w, https:\/\/www.nissan-couriant.fr\/blog\/wp-content\/uploads\/2019\/07\/nissan-formule-e-newyork-buemi-6-768x512.jpg 768w, https:\/\/www.nissan-couriant.fr\/blog\/wp-content\/uploads\/2019\/07\/nissan-formule-e-newyork-buemi-6-1024x683.jpg 1024w\" sizes=\"(max-width: 1300px) 100vw, 1300px\" \/> <img loading=\"lazy\" decoding=\"async\" class=\"alignnone size-full wp-image-21436 colorbox-21431\" src=\"https:\/\/www.nissan-couriant.fr\/blog\/wp-content\/uploads\/2019\/07\/nissan-formule-e-newyork-buemi-5.jpg\" alt=\"\" width=\"1300\" height=\"867\" srcset=\"https:\/\/www.nissan-couriant.fr\/blog\/wp-content\/uploads\/2019\/07\/nissan-formule-e-newyork-buemi-5.jpg 1300w, https:\/\/www.nissan-couriant.fr\/blog\/wp-content\/uploads\/2019\/07\/nissan-formule-e-newyork-buemi-5-645x430.jpg 645w, https:\/\/www.nissan-couriant.fr\/blog\/wp-content\/uploads\/2019\/07\/nissan-formule-e-newyork-buemi-5-768x512.jpg 768w, https:\/\/www.nissan-couriant.fr\/blog\/wp-content\/uploads\/2019\/07\/nissan-formule-e-newyork-buemi-5-1024x683.jpg 1024w\" sizes=\"(max-width: 1300px) 100vw, 1300px\" \/> <img loading=\"lazy\" decoding=\"async\" class=\"alignnone size-full wp-image-21434 colorbox-21431\" src=\"https:\/\/www.nissan-couriant.fr\/blog\/wp-content\/uploads\/2019\/07\/nissan-formule-e-newyork-buemi-3.jpg\" alt=\"\" width=\"1300\" height=\"867\" srcset=\"https:\/\/www.nissan-couriant.fr\/blog\/wp-content\/uploads\/2019\/07\/nissan-formule-e-newyork-buemi-3.jpg 1300w, https:\/\/www.nissan-couriant.fr\/blog\/wp-content\/uploads\/2019\/07\/nissan-formule-e-newyork-buemi-3-645x430.jpg 645w, https:\/\/www.nissan-couriant.fr\/blog\/wp-content\/uploads\/2019\/07\/nissan-formule-e-newyork-buemi-3-768x512.jpg 768w, https:\/\/www.nissan-couriant.fr\/blog\/wp-content\/uploads\/2019\/07\/nissan-formule-e-newyork-buemi-3-1024x683.jpg 1024w\" sizes=\"(max-width: 1300px) 100vw, 1300px\" \/> <img loading=\"lazy\" decoding=\"async\" class=\"alignnone size-full wp-image-21433 colorbox-21431\" src=\"https:\/\/www.nissan-couriant.fr\/blog\/wp-content\/uploads\/2019\/07\/nissan-formule-e-newyork-buemi-2.jpg\" alt=\"\" width=\"1300\" height=\"867\" srcset=\"https:\/\/www.nissan-couriant.fr\/blog\/wp-content\/uploads\/2019\/07\/nissan-formule-e-newyork-buemi-2.jpg 1300w, https:\/\/www.nissan-couriant.fr\/blog\/wp-content\/uploads\/2019\/07\/nissan-formule-e-newyork-buemi-2-645x430.jpg 645w, https:\/\/www.nissan-couriant.fr\/blog\/wp-content\/uploads\/2019\/07\/nissan-formule-e-newyork-buemi-2-768x512.jpg 768w, https:\/\/www.nissan-couriant.fr\/blog\/wp-content\/uploads\/2019\/07\/nissan-formule-e-newyork-buemi-2-1024x683.jpg 1024w\" sizes=\"(max-width: 1300px) 100vw, 1300px\" \/><\/p>\n","protected":false},"excerpt":{"rendered":"<p>Ce week-end marquait la fin de la premi\u00e8re saison en Formule E pour Nissan e.dams. Une saison rythm\u00e9e par de nombreux podiums et qui a connu son point d\u2019orgue samedi,&#8230;<\/p>\n","protected":false},"author":1101,"featured_media":21448,"comment_status":"open","ping_status":"closed","sticky":false,"template":"","format":"standard","meta":{"footnotes":""},"categories":[1436],"tags":[],"class_list":["post-21431","post","type-post","status-publish","format-standard","has-post-thumbnail","hentry","category-formule-e"],"yoast_head":"<!-- This site is optimized with the Yoast SEO plugin v24.4 - https:\/\/yoast.com\/wordpress\/plugins\/seo\/ -->\n<title>Formule E - Victoire de Nissan e.dams et de Sebastien Buemi \u00e0 New York !<\/title>\n<meta name=\"description\" content=\"Apr\u00e8s avoir align\u00e9 trois podiums cons\u00e9cutifs, Nissan e.dams et son pilote Sebastien Buemi ont de nouveau fait parler d\u2019eux samedi, sur le circuit urbain de Brooklyn.\" \/>\n<meta name=\"robots\" content=\"index, follow, max-snippet:-1, max-image-preview:large, max-video-preview:-1\" \/>\n<link rel=\"canonical\" href=\"https:\/\/www.nissan-couriant.fr\/blog\/2019\/07\/15\/formule-e-nissan-edams-newyprk-buemi\/\" \/>\n<meta property=\"og:locale\" content=\"fr_FR\" \/>\n<meta property=\"og:type\" content=\"article\" \/>\n<meta property=\"og:title\" content=\"Formule E - Victoire de Nissan e.dams et de Sebastien Buemi \u00e0 New York !\" \/>\n<meta property=\"og:description\" content=\"Apr\u00e8s avoir align\u00e9 trois podiums cons\u00e9cutifs, Nissan e.dams et son pilote Sebastien Buemi ont de nouveau fait parler d\u2019eux samedi, sur le circuit urbain de Brooklyn.\" \/>\n<meta property=\"og:url\" content=\"https:\/\/www.nissan-couriant.fr\/blog\/2019\/07\/15\/formule-e-nissan-edams-newyprk-buemi\/\" \/>\n<meta property=\"og:site_name\" content=\"Nissan Couriant Aix en Provence\" \/>\n<meta property=\"article:publisher\" content=\"https:\/\/www.facebook.com\/nissancouriant\" \/>\n<meta property=\"article:published_time\" content=\"2019-07-15T12:55:44+00:00\" \/>\n<meta property=\"og:image\" content=\"https:\/\/www.nissan-couriant.fr\/blog\/wp-content\/uploads\/2019\/07\/nissan-formule-e-newyork-buemi-17.jpg\" \/>\n\t<meta property=\"og:image:width\" content=\"1300\" \/>\n\t<meta property=\"og:image:height\" content=\"867\" \/>\n\t<meta property=\"og:image:type\" content=\"image\/jpeg\" \/>\n<meta name=\"author\" content=\"Laura\" \/>\n<meta name=\"twitter:card\" content=\"summary_large_image\" \/>\n<meta name=\"twitter:creator\" content=\"@NissanCouriant\" \/>\n<meta name=\"twitter:site\" content=\"@NissanCouriant\" \/>\n<meta name=\"twitter:label1\" content=\"\u00c9crit par\" \/>\n\t<meta name=\"twitter:data1\" content=\"Laura\" \/>\n\t<meta name=\"twitter:label2\" content=\"Dur\u00e9e de lecture estim\u00e9e\" \/>\n\t<meta name=\"twitter:data2\" content=\"2 minutes\" \/>\n<script type=\"application\/ld+json\" class=\"yoast-schema-graph\">{\"@context\":\"https:\/\/schema.org\",\"@graph\":[{\"@type\":\"WebPage\",\"@id\":\"https:\/\/www.nissan-couriant.fr\/blog\/2019\/07\/15\/formule-e-nissan-edams-newyprk-buemi\/\",\"url\":\"https:\/\/www.nissan-couriant.fr\/blog\/2019\/07\/15\/formule-e-nissan-edams-newyprk-buemi\/\",\"name\":\"Formule E - Victoire de Nissan e.dams et de Sebastien Buemi \u00e0 New York !\",\"isPartOf\":{\"@id\":\"https:\/\/www.nissan-couriant.fr\/blog\/#website\"},\"primaryImageOfPage\":{\"@id\":\"https:\/\/www.nissan-couriant.fr\/blog\/2019\/07\/15\/formule-e-nissan-edams-newyprk-buemi\/#primaryimage\"},\"image\":{\"@id\":\"https:\/\/www.nissan-couriant.fr\/blog\/2019\/07\/15\/formule-e-nissan-edams-newyprk-buemi\/#primaryimage\"},\"thumbnailUrl\":\"https:\/\/www.nissan-couriant.fr\/blog\/wp-content\/uploads\/2019\/07\/nissan-formule-e-newyork-buemi-17.jpg\",\"datePublished\":\"2019-07-15T12:55:44+00:00\",\"author\":{\"@id\":\"https:\/\/www.nissan-couriant.fr\/blog\/#\/schema\/person\/41a03274ac74ba26549677c01c8c8f95\"},\"description\":\"Apr\u00e8s avoir align\u00e9 trois podiums cons\u00e9cutifs, Nissan e.dams et son pilote Sebastien Buemi ont de nouveau fait parler d\u2019eux samedi, sur le circuit urbain de Brooklyn.\",\"breadcrumb\":{\"@id\":\"https:\/\/www.nissan-couriant.fr\/blog\/2019\/07\/15\/formule-e-nissan-edams-newyprk-buemi\/#breadcrumb\"},\"inLanguage\":\"fr-FR\",\"potentialAction\":[{\"@type\":\"ReadAction\",\"target\":[\"https:\/\/www.nissan-couriant.fr\/blog\/2019\/07\/15\/formule-e-nissan-edams-newyprk-buemi\/\"]}]},{\"@type\":\"ImageObject\",\"inLanguage\":\"fr-FR\",\"@id\":\"https:\/\/www.nissan-couriant.fr\/blog\/2019\/07\/15\/formule-e-nissan-edams-newyprk-buemi\/#primaryimage\",\"url\":\"https:\/\/www.nissan-couriant.fr\/blog\/wp-content\/uploads\/2019\/07\/nissan-formule-e-newyork-buemi-17.jpg\",\"contentUrl\":\"https:\/\/www.nissan-couriant.fr\/blog\/wp-content\/uploads\/2019\/07\/nissan-formule-e-newyork-buemi-17.jpg\",\"width\":1300,\"height\":867},{\"@type\":\"BreadcrumbList\",\"@id\":\"https:\/\/www.nissan-couriant.fr\/blog\/2019\/07\/15\/formule-e-nissan-edams-newyprk-buemi\/#breadcrumb\",\"itemListElement\":[{\"@type\":\"ListItem\",\"position\":1,\"name\":\"Accueil\",\"item\":\"https:\/\/www.nissan-couriant.fr\/blog\/\"},{\"@type\":\"ListItem\",\"position\":2,\"name\":\"Nissan remporte sa premi\u00e8re course en Formule E \u00e0 New York !\"}]},{\"@type\":\"WebSite\",\"@id\":\"https:\/\/www.nissan-couriant.fr\/blog\/#website\",\"url\":\"https:\/\/www.nissan-couriant.fr\/blog\/\",\"name\":\"Nissan Couriant Aix en Provence\",\"description\":\"Distributeur Nissan \u00e0 Aix en Provence et Pays d&#039;Aix, v\u00e9hicules neufs et d&#039;occasion\",\"potentialAction\":[{\"@type\":\"SearchAction\",\"target\":{\"@type\":\"EntryPoint\",\"urlTemplate\":\"https:\/\/www.nissan-couriant.fr\/blog\/?s={search_term_string}\"},\"query-input\":{\"@type\":\"PropertyValueSpecification\",\"valueRequired\":true,\"valueName\":\"search_term_string\"}}],\"inLanguage\":\"fr-FR\"},{\"@type\":\"Person\",\"@id\":\"https:\/\/www.nissan-couriant.fr\/blog\/#\/schema\/person\/41a03274ac74ba26549677c01c8c8f95\",\"name\":\"Laura\",\"image\":{\"@type\":\"ImageObject\",\"inLanguage\":\"fr-FR\",\"@id\":\"https:\/\/www.nissan-couriant.fr\/blog\/#\/schema\/person\/image\/\",\"url\":\"https:\/\/secure.gravatar.com\/avatar\/efc9f8844553d88b37d54276fd17d9c7?s=96&d=mm&r=g\",\"contentUrl\":\"https:\/\/secure.gravatar.com\/avatar\/efc9f8844553d88b37d54276fd17d9c7?s=96&d=mm&r=g\",\"caption\":\"Laura\"},\"url\":\"https:\/\/www.nissan-couriant.fr\/blog\/author\/laura\/\"}]}<\/script>\n<!-- \/ Yoast SEO plugin. -->","yoast_head_json":{"title":"Formule E - Victoire de Nissan e.dams et de Sebastien Buemi \u00e0 New York !","description":"Apr\u00e8s avoir align\u00e9 trois podiums cons\u00e9cutifs, Nissan e.dams et son pilote Sebastien Buemi ont de nouveau fait parler d\u2019eux samedi, sur le circuit urbain de Brooklyn.","robots":{"index":"index","follow":"follow","max-snippet":"max-snippet:-1","max-image-preview":"max-image-preview:large","max-video-preview":"max-video-preview:-1"},"canonical":"https:\/\/www.nissan-couriant.fr\/blog\/2019\/07\/15\/formule-e-nissan-edams-newyprk-buemi\/","og_locale":"fr_FR","og_type":"article","og_title":"Formule E - Victoire de Nissan e.dams et de Sebastien Buemi \u00e0 New York !","og_description":"Apr\u00e8s avoir align\u00e9 trois podiums cons\u00e9cutifs, Nissan e.dams et son pilote Sebastien Buemi ont de nouveau fait parler d\u2019eux samedi, sur le circuit urbain de Brooklyn.","og_url":"https:\/\/www.nissan-couriant.fr\/blog\/2019\/07\/15\/formule-e-nissan-edams-newyprk-buemi\/","og_site_name":"Nissan Couriant Aix en Provence","article_publisher":"https:\/\/www.facebook.com\/nissancouriant","article_published_time":"2019-07-15T12:55:44+00:00","og_image":[{"width":1300,"height":867,"url":"https:\/\/www.nissan-couriant.fr\/blog\/wp-content\/uploads\/2019\/07\/nissan-formule-e-newyork-buemi-17.jpg","type":"image\/jpeg"}],"author":"Laura","twitter_card":"summary_large_image","twitter_creator":"@NissanCouriant","twitter_site":"@NissanCouriant","twitter_misc":{"\u00c9crit par":"Laura","Dur\u00e9e de lecture estim\u00e9e":"2 minutes"},"schema":{"@context":"https:\/\/schema.org","@graph":[{"@type":"WebPage","@id":"https:\/\/www.nissan-couriant.fr\/blog\/2019\/07\/15\/formule-e-nissan-edams-newyprk-buemi\/","url":"https:\/\/www.nissan-couriant.fr\/blog\/2019\/07\/15\/formule-e-nissan-edams-newyprk-buemi\/","name":"Formule E - Victoire de Nissan e.dams et de Sebastien Buemi \u00e0 New York !","isPartOf":{"@id":"https:\/\/www.nissan-couriant.fr\/blog\/#website"},"primaryImageOfPage":{"@id":"https:\/\/www.nissan-couriant.fr\/blog\/2019\/07\/15\/formule-e-nissan-edams-newyprk-buemi\/#primaryimage"},"image":{"@id":"https:\/\/www.nissan-couriant.fr\/blog\/2019\/07\/15\/formule-e-nissan-edams-newyprk-buemi\/#primaryimage"},"thumbnailUrl":"https:\/\/www.nissan-couriant.fr\/blog\/wp-content\/uploads\/2019\/07\/nissan-formule-e-newyork-buemi-17.jpg","datePublished":"2019-07-15T12:55:44+00:00","author":{"@id":"https:\/\/www.nissan-couriant.fr\/blog\/#\/schema\/person\/41a03274ac74ba26549677c01c8c8f95"},"description":"Apr\u00e8s avoir align\u00e9 trois podiums cons\u00e9cutifs, Nissan e.dams et son pilote Sebastien Buemi ont de nouveau fait parler d\u2019eux samedi, sur le circuit urbain de Brooklyn.","breadcrumb":{"@id":"https:\/\/www.nissan-couriant.fr\/blog\/2019\/07\/15\/formule-e-nissan-edams-newyprk-buemi\/#breadcrumb"},"inLanguage":"fr-FR","potentialAction":[{"@type":"ReadAction","target":["https:\/\/www.nissan-couriant.fr\/blog\/2019\/07\/15\/formule-e-nissan-edams-newyprk-buemi\/"]}]},{"@type":"ImageObject","inLanguage":"fr-FR","@id":"https:\/\/www.nissan-couriant.fr\/blog\/2019\/07\/15\/formule-e-nissan-edams-newyprk-buemi\/#primaryimage","url":"https:\/\/www.nissan-couriant.fr\/blog\/wp-content\/uploads\/2019\/07\/nissan-formule-e-newyork-buemi-17.jpg","contentUrl":"https:\/\/www.nissan-couriant.fr\/blog\/wp-content\/uploads\/2019\/07\/nissan-formule-e-newyork-buemi-17.jpg","width":1300,"height":867},{"@type":"BreadcrumbList","@id":"https:\/\/www.nissan-couriant.fr\/blog\/2019\/07\/15\/formule-e-nissan-edams-newyprk-buemi\/#breadcrumb","itemListElement":[{"@type":"ListItem","position":1,"name":"Accueil","item":"https:\/\/www.nissan-couriant.fr\/blog\/"},{"@type":"ListItem","position":2,"name":"Nissan remporte sa premi\u00e8re course en Formule E \u00e0 New York !"}]},{"@type":"WebSite","@id":"https:\/\/www.nissan-couriant.fr\/blog\/#website","url":"https:\/\/www.nissan-couriant.fr\/blog\/","name":"Nissan Couriant Aix en Provence","description":"Distributeur Nissan \u00e0 Aix en Provence et Pays d&#039;Aix, v\u00e9hicules neufs et d&#039;occasion","potentialAction":[{"@type":"SearchAction","target":{"@type":"EntryPoint","urlTemplate":"https:\/\/www.nissan-couriant.fr\/blog\/?s={search_term_string}"},"query-input":{"@type":"PropertyValueSpecification","valueRequired":true,"valueName":"search_term_string"}}],"inLanguage":"fr-FR"},{"@type":"Person","@id":"https:\/\/www.nissan-couriant.fr\/blog\/#\/schema\/person\/41a03274ac74ba26549677c01c8c8f95","name":"Laura","image":{"@type":"ImageObject","inLanguage":"fr-FR","@id":"https:\/\/www.nissan-couriant.fr\/blog\/#\/schema\/person\/image\/","url":"https:\/\/secure.gravatar.com\/avatar\/efc9f8844553d88b37d54276fd17d9c7?s=96&d=mm&r=g","contentUrl":"https:\/\/secure.gravatar.com\/avatar\/efc9f8844553d88b37d54276fd17d9c7?s=96&d=mm&r=g","caption":"Laura"},"url":"https:\/\/www.nissan-couriant.fr\/blog\/author\/laura\/"}]}},"publishpress_future_action":{"enabled":false,"date":"2026-09-13 14:37:22","action":"change-status","newStatus":"draft","terms":[],"taxonomy":"category"},"publishpress_future_workflow_manual_trigger":{"enabledWorkflows":[]},"_links":{"self":[{"href":"https:\/\/www.nissan-couriant.fr\/blog\/wp-json\/wp\/v2\/posts\/21431","targetHints":{"allow":["GET"]}}],"collection":[{"href":"https:\/\/www.nissan-couriant.fr\/blog\/wp-json\/wp\/v2\/posts"}],"about":[{"href":"https:\/\/www.nissan-couriant.fr\/blog\/wp-json\/wp\/v2\/types\/post"}],"author":[{"embeddable":true,"href":"https:\/\/www.nissan-couriant.fr\/blog\/wp-json\/wp\/v2\/users\/1101"}],"replies":[{"embeddable":true,"href":"https:\/\/www.nissan-couriant.fr\/blog\/wp-json\/wp\/v2\/comments?post=21431"}],"version-history":[{"count":3,"href":"https:\/\/www.nissan-couriant.fr\/blog\/wp-json\/wp\/v2\/posts\/21431\/revisions"}],"predecessor-version":[{"id":21454,"href":"https:\/\/www.nissan-couriant.fr\/blog\/wp-json\/wp\/v2\/posts\/21431\/revisions\/21454"}],"wp:featuredmedia":[{"embeddable":true,"href":"https:\/\/www.nissan-couriant.fr\/blog\/wp-json\/wp\/v2\/media\/21448"}],"wp:attachment":[{"href":"https:\/\/www.nissan-couriant.fr\/blog\/wp-json\/wp\/v2\/media?parent=21431"}],"wp:term":[{"taxonomy":"category","embeddable":true,"href":"https:\/\/www.nissan-couriant.fr\/blog\/wp-json\/wp\/v2\/categories?post=21431"},{"taxonomy":"post_tag","embeddable":true,"href":"https:\/\/www.nissan-couriant.fr\/blog\/wp-json\/wp\/v2\/tags?post=21431"}],"curies":[{"name":"wp","href":"https:\/\/api.w.org\/{rel}","templated":true}]}}