{"id":23995,"date":"2021-04-19T13:33:10","date_gmt":"2021-04-19T12:33:10","guid":{"rendered":"https:\/\/www.nissan-couriant.fr\/blog\/?p=23995"},"modified":"2021-04-19T13:33:12","modified_gmt":"2021-04-19T12:33:12","slug":"la-quatrieme-generation-du-nissan-x-trail-disponible-en-europe-a-lete-2022","status":"publish","type":"post","link":"https:\/\/www.nissan-couriant.fr\/blog\/2021\/04\/19\/la-quatrieme-generation-du-nissan-x-trail-disponible-en-europe-a-lete-2022\/","title":{"rendered":"La quatri\u00e8me g\u00e9n\u00e9ration du Nissan X-Trail disponible en Europe \u00e0 l&rsquo;\u00e9t\u00e9 2022"},"content":{"rendered":"\n<p><strong>Aujourd\u2019hui se tient, au salon Auto Shanghai 2021, la premi\u00e8re mondiale du tout nouveau X-Trail. Le v\u00e9hicule vient poursuivre le renouvellement de la gamme Nissan et sera disponible \u00e0 l\u2019\u00e9t\u00e9 2022 en Europe.<\/strong><\/p>\n\n\n\n<p>Avec cette <strong>quatri\u00e8me g\u00e9n\u00e9ration<\/strong>, le Nissan X-Trail, best-seller mondial de la marque, <strong>continue d\u2019\u00e9voluer tout en conservant les \u00e9l\u00e9ments cl\u00e9s de son succ\u00e8s<\/strong>. R\u00e9solument <strong>taill\u00e9 pour l\u2019aventure<\/strong> et d\u00e9sormais dot\u00e9 des <strong>derni\u00e8res technologies de pointe de Nissan<\/strong>, le SUV reste toutefois suffisamment compact pour les manoeuvres comme pour la circulation urbaine.<\/p>\n\n\n\n<p>Comme la troisi\u00e8me g\u00e9n\u00e9ration du Nissan Qashqai, crossover ultime de la marque d\u00e9voil\u00e9 au mois de f\u00e9vrier, <strong>le nouveau Nissan X-Trail se basera sur la plateforme CMF-C de l\u2019Alliance<\/strong>, une architecture tr\u00e8s avanc\u00e9e et plus l\u00e9g\u00e8re que la plateforme pr\u00e9c\u00e9dente. Cette technologie permet au mod\u00e8le d\u2019accueillir le <strong>groupe motopropulseur \u00e9lectrifi\u00e9 e-POWER de Nissan<\/strong> en lui offrant des performances de haut niveau et toujours davantage de raffinement.<\/p>\n\n\n\n<p><strong>L\u2019int\u00e9rieur spacieux et \u00e9l\u00e9gant<\/strong> du SUV reste lui toujours aussi modulable et disponible avec une troisi\u00e8me rang\u00e9e de si\u00e8ges rabattables.<\/p>\n\n\n\n<h2 class=\"wp-block-heading\">La motorisation \u00e9lectrifi\u00e9e e-POWER, une exclusivit\u00e9 Nissan<\/h2>\n\n\n\n<p>La motorisation e-POWER sera donc <strong>disponible en Europe sur le nouveau Nissan X-Trail<\/strong>, une innovation exclusive \u00e0 Nissan et un <strong>point cl\u00e9 de la strat\u00e9gie Nissan Intelligent Mobility.<\/strong><\/p>\n\n\n\n<p>Le syst\u00e8me e-POWER a pour<strong> sp\u00e9cificit\u00e9 de ne pas n\u00e9cessiter un branchement de la voiture pour la recharger<\/strong>. En effet, le v\u00e9hicule est entra\u00een\u00e9 par un moteur \u00e9lectrique aliment\u00e9 par <strong>un bloc thermique qui assure<\/strong>, \u00e0 bord, <strong>la production de l\u2019\u00e9nergie n\u00e9cessaire<\/strong>. Le g\u00e9n\u00e9rateur \u00e0 essence fonctionne ainsi toujours dans sa plage de r\u00e9gimes optimale, on constate donc une meilleure efficience \u00e9nerg\u00e9tique et <strong>des \u00e9missions de CO2 inf\u00e9rieur<\/strong>s \u00e0 un moteur thermique traditionnel.<\/p>\n\n\n\n<p>Dans sa version 4 roues motrices, sa <strong>robustesse<\/strong> et sa <strong>polyvalence<\/strong> feront du tout nouveau Nissan X-Trail le <strong>choix naturel pour les familles ayant soif d\u2019aventure<\/strong>. Le SUV leur permettra ainsi de progresser \u00e0 la fois sur route et sur les voies escarp\u00e9es.<\/p>\n\n\n\n<h2 class=\"wp-block-heading\"><strong>Quatre nouvelles versions pour une gamme compl\u00e9t\u00e9e<\/strong><\/h2>\n\n\n\n<p>Avec l&rsquo;arriv\u00e9e r\u00e9cente de la <strong>seconde g\u00e9n\u00e9ration du crossover coup\u00e9 Nissan Juke<\/strong>, le pionnier des crossovers urbains, puis la <strong>troisi\u00e8me g\u00e9n\u00e9ration du Qashqai<\/strong> en f\u00e9vrier, best-seller europ\u00e9en de Nissan, ainsi que la <strong>pr\u00e9sentation mondiale du crossover 100% \u00e9lectrique Nissan Ariya<\/strong> l\u2019\u00e9t\u00e9 dernier, la <strong>quatri\u00e8me g\u00e9n\u00e9ration du Nissan X-Trail viendra compl\u00e9ter la gamme Nissan \u00e0 l&rsquo;\u00e9t\u00e9 2022<\/strong>.<\/p>\n\n\n\n<p>Le lancement du nouveau Nissan X-Trail vient <strong>renforcer la volont\u00e9 d\u00e9termin\u00e9e et innovante de Nissan de construire un futur \u00e9lectrifi\u00e9 sous la banni\u00e8re de Nissan NEXT,<\/strong> le plan de transformation du constructeur.<\/p>\n","protected":false},"excerpt":{"rendered":"<p>Aujourd\u2019hui se tient, au salon Auto Shanghai 2021, la premi\u00e8re mondiale du tout nouveau X-Trail. Le v\u00e9hicule vient poursuivre le renouvellement de la gamme Nissan et sera disponible \u00e0 l\u2019\u00e9t\u00e9&#8230;<\/p>\n","protected":false},"author":1101,"featured_media":23996,"comment_status":"open","ping_status":"closed","sticky":false,"template":"","format":"standard","meta":{"footnotes":""},"categories":[7,10],"tags":[],"class_list":["post-23995","post","type-post","status-publish","format-standard","has-post-thumbnail","hentry","category-lunivers-nissan","category-x-trail"],"yoast_head":"<!-- This site is optimized with the Yoast SEO plugin v24.4 - https:\/\/yoast.com\/wordpress\/plugins\/seo\/ -->\n<title>La quatri\u00e8me g\u00e9n\u00e9ration du Nissan X-Trail disponible en Europe \u00e0 l&#039;\u00e9t\u00e9 2022 - Nissan Couriant Aix en Provence<\/title>\n<meta name=\"robots\" content=\"index, follow, max-snippet:-1, max-image-preview:large, max-video-preview:-1\" \/>\n<link rel=\"canonical\" href=\"https:\/\/www.nissan-couriant.fr\/blog\/2021\/04\/19\/la-quatrieme-generation-du-nissan-x-trail-disponible-en-europe-a-lete-2022\/\" \/>\n<meta property=\"og:locale\" content=\"fr_FR\" \/>\n<meta property=\"og:type\" content=\"article\" \/>\n<meta property=\"og:title\" content=\"La quatri\u00e8me g\u00e9n\u00e9ration du Nissan X-Trail disponible en Europe \u00e0 l&#039;\u00e9t\u00e9 2022 - Nissan Couriant Aix en Provence\" \/>\n<meta property=\"og:description\" content=\"Aujourd\u2019hui se tient, au salon Auto Shanghai 2021, la premi\u00e8re mondiale du tout nouveau X-Trail. Le v\u00e9hicule vient poursuivre le renouvellement de la gamme Nissan et sera disponible \u00e0 l\u2019\u00e9t\u00e9...\" \/>\n<meta property=\"og:url\" content=\"https:\/\/www.nissan-couriant.fr\/blog\/2021\/04\/19\/la-quatrieme-generation-du-nissan-x-trail-disponible-en-europe-a-lete-2022\/\" \/>\n<meta property=\"og:site_name\" content=\"Nissan Couriant Aix en Provence\" \/>\n<meta property=\"article:publisher\" content=\"https:\/\/www.facebook.com\/nissancouriant\" \/>\n<meta property=\"article:published_time\" content=\"2021-04-19T12:33:10+00:00\" \/>\n<meta property=\"article:modified_time\" content=\"2021-04-19T12:33:12+00:00\" \/>\n<meta property=\"og:image\" content=\"https:\/\/www.nissan-couriant.fr\/blog\/wp-content\/uploads\/2021\/04\/nouveau-xtrail-ete-2022.jpg\" \/>\n\t<meta property=\"og:image:width\" content=\"1500\" \/>\n\t<meta property=\"og:image:height\" content=\"600\" \/>\n\t<meta property=\"og:image:type\" content=\"image\/jpeg\" \/>\n<meta name=\"author\" content=\"Laura\" \/>\n<meta name=\"twitter:card\" content=\"summary_large_image\" \/>\n<meta name=\"twitter:creator\" content=\"@NissanCouriant\" \/>\n<meta name=\"twitter:site\" content=\"@NissanCouriant\" \/>\n<meta name=\"twitter:label1\" content=\"\u00c9crit par\" \/>\n\t<meta name=\"twitter:data1\" content=\"Laura\" \/>\n\t<meta name=\"twitter:label2\" content=\"Dur\u00e9e de lecture estim\u00e9e\" \/>\n\t<meta name=\"twitter:data2\" content=\"2 minutes\" \/>\n<script type=\"application\/ld+json\" class=\"yoast-schema-graph\">{\"@context\":\"https:\/\/schema.org\",\"@graph\":[{\"@type\":\"WebPage\",\"@id\":\"https:\/\/www.nissan-couriant.fr\/blog\/2021\/04\/19\/la-quatrieme-generation-du-nissan-x-trail-disponible-en-europe-a-lete-2022\/\",\"url\":\"https:\/\/www.nissan-couriant.fr\/blog\/2021\/04\/19\/la-quatrieme-generation-du-nissan-x-trail-disponible-en-europe-a-lete-2022\/\",\"name\":\"La quatri\u00e8me g\u00e9n\u00e9ration du Nissan X-Trail disponible en Europe \u00e0 l'\u00e9t\u00e9 2022 - Nissan Couriant Aix en Provence\",\"isPartOf\":{\"@id\":\"https:\/\/www.nissan-couriant.fr\/blog\/#website\"},\"primaryImageOfPage\":{\"@id\":\"https:\/\/www.nissan-couriant.fr\/blog\/2021\/04\/19\/la-quatrieme-generation-du-nissan-x-trail-disponible-en-europe-a-lete-2022\/#primaryimage\"},\"image\":{\"@id\":\"https:\/\/www.nissan-couriant.fr\/blog\/2021\/04\/19\/la-quatrieme-generation-du-nissan-x-trail-disponible-en-europe-a-lete-2022\/#primaryimage\"},\"thumbnailUrl\":\"https:\/\/www.nissan-couriant.fr\/blog\/wp-content\/uploads\/2021\/04\/nouveau-xtrail-ete-2022.jpg\",\"datePublished\":\"2021-04-19T12:33:10+00:00\",\"dateModified\":\"2021-04-19T12:33:12+00:00\",\"author\":{\"@id\":\"https:\/\/www.nissan-couriant.fr\/blog\/#\/schema\/person\/41a03274ac74ba26549677c01c8c8f95\"},\"breadcrumb\":{\"@id\":\"https:\/\/www.nissan-couriant.fr\/blog\/2021\/04\/19\/la-quatrieme-generation-du-nissan-x-trail-disponible-en-europe-a-lete-2022\/#breadcrumb\"},\"inLanguage\":\"fr-FR\",\"potentialAction\":[{\"@type\":\"ReadAction\",\"target\":[\"https:\/\/www.nissan-couriant.fr\/blog\/2021\/04\/19\/la-quatrieme-generation-du-nissan-x-trail-disponible-en-europe-a-lete-2022\/\"]}]},{\"@type\":\"ImageObject\",\"inLanguage\":\"fr-FR\",\"@id\":\"https:\/\/www.nissan-couriant.fr\/blog\/2021\/04\/19\/la-quatrieme-generation-du-nissan-x-trail-disponible-en-europe-a-lete-2022\/#primaryimage\",\"url\":\"https:\/\/www.nissan-couriant.fr\/blog\/wp-content\/uploads\/2021\/04\/nouveau-xtrail-ete-2022.jpg\",\"contentUrl\":\"https:\/\/www.nissan-couriant.fr\/blog\/wp-content\/uploads\/2021\/04\/nouveau-xtrail-ete-2022.jpg\",\"width\":1500,\"height\":600},{\"@type\":\"BreadcrumbList\",\"@id\":\"https:\/\/www.nissan-couriant.fr\/blog\/2021\/04\/19\/la-quatrieme-generation-du-nissan-x-trail-disponible-en-europe-a-lete-2022\/#breadcrumb\",\"itemListElement\":[{\"@type\":\"ListItem\",\"position\":1,\"name\":\"Accueil\",\"item\":\"https:\/\/www.nissan-couriant.fr\/blog\/\"},{\"@type\":\"ListItem\",\"position\":2,\"name\":\"La quatri\u00e8me g\u00e9n\u00e9ration du Nissan X-Trail disponible en Europe \u00e0 l&rsquo;\u00e9t\u00e9 2022\"}]},{\"@type\":\"WebSite\",\"@id\":\"https:\/\/www.nissan-couriant.fr\/blog\/#website\",\"url\":\"https:\/\/www.nissan-couriant.fr\/blog\/\",\"name\":\"Nissan Couriant Aix en Provence\",\"description\":\"Distributeur Nissan \u00e0 Aix en Provence et Pays d&#039;Aix, v\u00e9hicules neufs et d&#039;occasion\",\"potentialAction\":[{\"@type\":\"SearchAction\",\"target\":{\"@type\":\"EntryPoint\",\"urlTemplate\":\"https:\/\/www.nissan-couriant.fr\/blog\/?s={search_term_string}\"},\"query-input\":{\"@type\":\"PropertyValueSpecification\",\"valueRequired\":true,\"valueName\":\"search_term_string\"}}],\"inLanguage\":\"fr-FR\"},{\"@type\":\"Person\",\"@id\":\"https:\/\/www.nissan-couriant.fr\/blog\/#\/schema\/person\/41a03274ac74ba26549677c01c8c8f95\",\"name\":\"Laura\",\"image\":{\"@type\":\"ImageObject\",\"inLanguage\":\"fr-FR\",\"@id\":\"https:\/\/www.nissan-couriant.fr\/blog\/#\/schema\/person\/image\/\",\"url\":\"https:\/\/secure.gravatar.com\/avatar\/efc9f8844553d88b37d54276fd17d9c7?s=96&d=mm&r=g\",\"contentUrl\":\"https:\/\/secure.gravatar.com\/avatar\/efc9f8844553d88b37d54276fd17d9c7?s=96&d=mm&r=g\",\"caption\":\"Laura\"},\"url\":\"https:\/\/www.nissan-couriant.fr\/blog\/author\/laura\/\"}]}<\/script>\n<!-- \/ Yoast SEO plugin. -->","yoast_head_json":{"title":"La quatri\u00e8me g\u00e9n\u00e9ration du Nissan X-Trail disponible en Europe \u00e0 l'\u00e9t\u00e9 2022 - Nissan Couriant Aix en Provence","robots":{"index":"index","follow":"follow","max-snippet":"max-snippet:-1","max-image-preview":"max-image-preview:large","max-video-preview":"max-video-preview:-1"},"canonical":"https:\/\/www.nissan-couriant.fr\/blog\/2021\/04\/19\/la-quatrieme-generation-du-nissan-x-trail-disponible-en-europe-a-lete-2022\/","og_locale":"fr_FR","og_type":"article","og_title":"La quatri\u00e8me g\u00e9n\u00e9ration du Nissan X-Trail disponible en Europe \u00e0 l'\u00e9t\u00e9 2022 - Nissan Couriant Aix en Provence","og_description":"Aujourd\u2019hui se tient, au salon Auto Shanghai 2021, la premi\u00e8re mondiale du tout nouveau X-Trail. Le v\u00e9hicule vient poursuivre le renouvellement de la gamme Nissan et sera disponible \u00e0 l\u2019\u00e9t\u00e9...","og_url":"https:\/\/www.nissan-couriant.fr\/blog\/2021\/04\/19\/la-quatrieme-generation-du-nissan-x-trail-disponible-en-europe-a-lete-2022\/","og_site_name":"Nissan Couriant Aix en Provence","article_publisher":"https:\/\/www.facebook.com\/nissancouriant","article_published_time":"2021-04-19T12:33:10+00:00","article_modified_time":"2021-04-19T12:33:12+00:00","og_image":[{"width":1500,"height":600,"url":"https:\/\/www.nissan-couriant.fr\/blog\/wp-content\/uploads\/2021\/04\/nouveau-xtrail-ete-2022.jpg","type":"image\/jpeg"}],"author":"Laura","twitter_card":"summary_large_image","twitter_creator":"@NissanCouriant","twitter_site":"@NissanCouriant","twitter_misc":{"\u00c9crit par":"Laura","Dur\u00e9e de lecture estim\u00e9e":"2 minutes"},"schema":{"@context":"https:\/\/schema.org","@graph":[{"@type":"WebPage","@id":"https:\/\/www.nissan-couriant.fr\/blog\/2021\/04\/19\/la-quatrieme-generation-du-nissan-x-trail-disponible-en-europe-a-lete-2022\/","url":"https:\/\/www.nissan-couriant.fr\/blog\/2021\/04\/19\/la-quatrieme-generation-du-nissan-x-trail-disponible-en-europe-a-lete-2022\/","name":"La quatri\u00e8me g\u00e9n\u00e9ration du Nissan X-Trail disponible en Europe \u00e0 l'\u00e9t\u00e9 2022 - Nissan Couriant Aix en Provence","isPartOf":{"@id":"https:\/\/www.nissan-couriant.fr\/blog\/#website"},"primaryImageOfPage":{"@id":"https:\/\/www.nissan-couriant.fr\/blog\/2021\/04\/19\/la-quatrieme-generation-du-nissan-x-trail-disponible-en-europe-a-lete-2022\/#primaryimage"},"image":{"@id":"https:\/\/www.nissan-couriant.fr\/blog\/2021\/04\/19\/la-quatrieme-generation-du-nissan-x-trail-disponible-en-europe-a-lete-2022\/#primaryimage"},"thumbnailUrl":"https:\/\/www.nissan-couriant.fr\/blog\/wp-content\/uploads\/2021\/04\/nouveau-xtrail-ete-2022.jpg","datePublished":"2021-04-19T12:33:10+00:00","dateModified":"2021-04-19T12:33:12+00:00","author":{"@id":"https:\/\/www.nissan-couriant.fr\/blog\/#\/schema\/person\/41a03274ac74ba26549677c01c8c8f95"},"breadcrumb":{"@id":"https:\/\/www.nissan-couriant.fr\/blog\/2021\/04\/19\/la-quatrieme-generation-du-nissan-x-trail-disponible-en-europe-a-lete-2022\/#breadcrumb"},"inLanguage":"fr-FR","potentialAction":[{"@type":"ReadAction","target":["https:\/\/www.nissan-couriant.fr\/blog\/2021\/04\/19\/la-quatrieme-generation-du-nissan-x-trail-disponible-en-europe-a-lete-2022\/"]}]},{"@type":"ImageObject","inLanguage":"fr-FR","@id":"https:\/\/www.nissan-couriant.fr\/blog\/2021\/04\/19\/la-quatrieme-generation-du-nissan-x-trail-disponible-en-europe-a-lete-2022\/#primaryimage","url":"https:\/\/www.nissan-couriant.fr\/blog\/wp-content\/uploads\/2021\/04\/nouveau-xtrail-ete-2022.jpg","contentUrl":"https:\/\/www.nissan-couriant.fr\/blog\/wp-content\/uploads\/2021\/04\/nouveau-xtrail-ete-2022.jpg","width":1500,"height":600},{"@type":"BreadcrumbList","@id":"https:\/\/www.nissan-couriant.fr\/blog\/2021\/04\/19\/la-quatrieme-generation-du-nissan-x-trail-disponible-en-europe-a-lete-2022\/#breadcrumb","itemListElement":[{"@type":"ListItem","position":1,"name":"Accueil","item":"https:\/\/www.nissan-couriant.fr\/blog\/"},{"@type":"ListItem","position":2,"name":"La quatri\u00e8me g\u00e9n\u00e9ration du Nissan X-Trail disponible en Europe \u00e0 l&rsquo;\u00e9t\u00e9 2022"}]},{"@type":"WebSite","@id":"https:\/\/www.nissan-couriant.fr\/blog\/#website","url":"https:\/\/www.nissan-couriant.fr\/blog\/","name":"Nissan Couriant Aix en Provence","description":"Distributeur Nissan \u00e0 Aix en Provence et Pays d&#039;Aix, v\u00e9hicules neufs et d&#039;occasion","potentialAction":[{"@type":"SearchAction","target":{"@type":"EntryPoint","urlTemplate":"https:\/\/www.nissan-couriant.fr\/blog\/?s={search_term_string}"},"query-input":{"@type":"PropertyValueSpecification","valueRequired":true,"valueName":"search_term_string"}}],"inLanguage":"fr-FR"},{"@type":"Person","@id":"https:\/\/www.nissan-couriant.fr\/blog\/#\/schema\/person\/41a03274ac74ba26549677c01c8c8f95","name":"Laura","image":{"@type":"ImageObject","inLanguage":"fr-FR","@id":"https:\/\/www.nissan-couriant.fr\/blog\/#\/schema\/person\/image\/","url":"https:\/\/secure.gravatar.com\/avatar\/efc9f8844553d88b37d54276fd17d9c7?s=96&d=mm&r=g","contentUrl":"https:\/\/secure.gravatar.com\/avatar\/efc9f8844553d88b37d54276fd17d9c7?s=96&d=mm&r=g","caption":"Laura"},"url":"https:\/\/www.nissan-couriant.fr\/blog\/author\/laura\/"}]}},"publishpress_future_action":{"enabled":false,"date":"2026-09-13 14:44:33","action":"change-status","newStatus":"draft","terms":[],"taxonomy":"category"},"publishpress_future_workflow_manual_trigger":{"enabledWorkflows":[]},"_links":{"self":[{"href":"https:\/\/www.nissan-couriant.fr\/blog\/wp-json\/wp\/v2\/posts\/23995","targetHints":{"allow":["GET"]}}],"collection":[{"href":"https:\/\/www.nissan-couriant.fr\/blog\/wp-json\/wp\/v2\/posts"}],"about":[{"href":"https:\/\/www.nissan-couriant.fr\/blog\/wp-json\/wp\/v2\/types\/post"}],"author":[{"embeddable":true,"href":"https:\/\/www.nissan-couriant.fr\/blog\/wp-json\/wp\/v2\/users\/1101"}],"replies":[{"embeddable":true,"href":"https:\/\/www.nissan-couriant.fr\/blog\/wp-json\/wp\/v2\/comments?post=23995"}],"version-history":[{"count":2,"href":"https:\/\/www.nissan-couriant.fr\/blog\/wp-json\/wp\/v2\/posts\/23995\/revisions"}],"predecessor-version":[{"id":23998,"href":"https:\/\/www.nissan-couriant.fr\/blog\/wp-json\/wp\/v2\/posts\/23995\/revisions\/23998"}],"wp:featuredmedia":[{"embeddable":true,"href":"https:\/\/www.nissan-couriant.fr\/blog\/wp-json\/wp\/v2\/media\/23996"}],"wp:attachment":[{"href":"https:\/\/www.nissan-couriant.fr\/blog\/wp-json\/wp\/v2\/media?parent=23995"}],"wp:term":[{"taxonomy":"category","embeddable":true,"href":"https:\/\/www.nissan-couriant.fr\/blog\/wp-json\/wp\/v2\/categories?post=23995"},{"taxonomy":"post_tag","embeddable":true,"href":"https:\/\/www.nissan-couriant.fr\/blog\/wp-json\/wp\/v2\/tags?post=23995"}],"curies":[{"name":"wp","href":"https:\/\/api.w.org\/{rel}","templated":true}]}}