{"id":24374,"date":"2021-07-21T16:51:25","date_gmt":"2021-07-21T15:51:25","guid":{"rendered":"https:\/\/www.nissan-couriant.fr\/blog\/?p=24374"},"modified":"2021-07-21T16:51:26","modified_gmt":"2021-07-21T15:51:26","slug":"nouvelle-signature-sonore-pour-les-vehicules-100-electriques-nissan","status":"publish","type":"post","link":"https:\/\/www.nissan-couriant.fr\/blog\/2021\/07\/21\/nouvelle-signature-sonore-pour-les-vehicules-100-electriques-nissan\/","title":{"rendered":"Nouvelle signature sonore pour les v\u00e9hicules 100% \u00e9lectriques Nissan"},"content":{"rendered":"\n<p>Pionnier de l&rsquo;\u00e9lectrification, Nissan avait d\u00e9j\u00e0 pr\u00e9vu un dispositif d&rsquo;avertissement acoustique d\u00e8s la premi\u00e8re g\u00e9n\u00e9ration de LEAF pour s&rsquo;assurer que tous les usagers de la route soient conscients de la pr\u00e9sence du v\u00e9hicule \u00e0 proximit\u00e9. Aujourd\u2019hui, c\u2019est <strong>la nouvelle signature sonore (AVAS) baptis\u00e9e Canto qui \u00e9quipera tous les v\u00e9hicules \u00e9lectrique<\/strong> Nissan dont la LEAF.<\/p>\n\n\n\n<h2 class=\"wp-block-heading\">La nouvelle signature sonore Nissan<\/h2>\n\n\n\n<p>Nissan a fait appel \u00e0 une \u00e9quipe de concepteurs sonores pour cr\u00e9er le son Canto, l&rsquo;identit\u00e9 sonore exclusive de Nissan pour ses v\u00e9hicules \u00e9lectriques. Le son a \u00e9t\u00e9 sp\u00e9cifiquement compos\u00e9 pour s&rsquo;assurer qu&rsquo;il varie en timbre et en volume selon que le v\u00e9hicule acc\u00e9l\u00e8re, d\u00e9c\u00e9l\u00e8re ou recule.<\/p>\n\n\n\n<p>Activ\u00e9 automatiquement jusqu&rsquo;\u00e0 30 km\/h, Canto s&rsquo;int\u00e8gre naturellement \u00e0 l&rsquo;environnement du v\u00e9hicule tout en \u00e9tant parfaitement audible pour les autres usagers et les passagers, sans \u00eatre d\u00e9sagr\u00e9able. Conforme \u00e0 la r\u00e9glementation europ\u00e9enne, ce dispositif \u00e9met des sons qui permettent d&rsquo;alerter les autres usagers de la route de la pr\u00e9sence d&rsquo;un v\u00e9hicule 100% \u00e9lectrique.<\/p>\n\n\n\n<h2 class=\"wp-block-heading\">La Nissan LEAF pionni\u00e8re de l\u2019\u00e9lectrique<\/h2>\n\n\n\n<p>D\u00e9j\u00e0 vendue \u00e0 plus d&rsquo;un demi-million d&rsquo;exemplaires, la berline compacte 100% \u00e9lectrique pionni\u00e8re de Nissan a vu sa gamme remani\u00e9e au printemps : <strong>davantage de versions, et une baisse de tarif de 1 000 \u00e0 2 000 \u20ac sur toutes les finitions.<\/strong><\/p>\n\n\n\n<p>A partir de cet \u00e9t\u00e9 2021, la Nissan LEAF sera \u00e9galement \u00e9quip\u00e9e de la nouvelle signature sonore baptis\u00e9e Canto.<\/p>\n\n\n\n<p>La Nissan LEAF 100% \u00e9lectrique vous int\u00e9resse ? <a href=\"https:\/\/www.nissan-couriant.fr\/contact\"><strong>Contactez-nous<\/strong><\/a> pour <a href=\"https:\/\/www.nissan-couriant.fr\/gamme\/leaf-42\"><strong>d\u00e9couvrir la Nissan LEAF<\/strong><\/a> plus en d\u00e9tail.<\/p>\n","protected":false},"excerpt":{"rendered":"<p>Pionnier de l&rsquo;\u00e9lectrification, Nissan avait d\u00e9j\u00e0 pr\u00e9vu un dispositif d&rsquo;avertissement acoustique d\u00e8s la premi\u00e8re g\u00e9n\u00e9ration de LEAF pour s&rsquo;assurer que tous les usagers de la route soient conscients de la&#8230;<\/p>\n","protected":false},"author":1101,"featured_media":24377,"comment_status":"open","ping_status":"closed","sticky":false,"template":"","format":"standard","meta":{"footnotes":""},"categories":[48],"tags":[],"class_list":["post-24374","post","type-post","status-publish","format-standard","has-post-thumbnail","hentry","category-leaf"],"yoast_head":"<!-- This site is optimized with the Yoast SEO plugin v24.4 - https:\/\/yoast.com\/wordpress\/plugins\/seo\/ -->\n<title>Nouvelle signature sonore pour les v\u00e9hicules 100% \u00e9lectriques Nissan<\/title>\n<meta name=\"description\" content=\"La nouvelle signature sonore (AVAS) baptis\u00e9e Canto qui \u00e9quipera tous les v\u00e9hicules \u00e9lectrique Nissan dont la LEAF.\" \/>\n<meta name=\"robots\" content=\"index, follow, max-snippet:-1, max-image-preview:large, max-video-preview:-1\" \/>\n<link rel=\"canonical\" href=\"https:\/\/www.nissan-couriant.fr\/blog\/2021\/07\/21\/nouvelle-signature-sonore-pour-les-vehicules-100-electriques-nissan\/\" \/>\n<meta property=\"og:locale\" content=\"fr_FR\" \/>\n<meta property=\"og:type\" content=\"article\" \/>\n<meta property=\"og:title\" content=\"Nouvelle signature sonore pour les v\u00e9hicules 100% \u00e9lectriques Nissan\" \/>\n<meta property=\"og:description\" content=\"La nouvelle signature sonore (AVAS) baptis\u00e9e Canto qui \u00e9quipera tous les v\u00e9hicules \u00e9lectrique Nissan dont la LEAF.\" \/>\n<meta property=\"og:url\" content=\"https:\/\/www.nissan-couriant.fr\/blog\/2021\/07\/21\/nouvelle-signature-sonore-pour-les-vehicules-100-electriques-nissan\/\" \/>\n<meta property=\"og:site_name\" content=\"Nissan Couriant Aix en Provence\" \/>\n<meta property=\"article:publisher\" content=\"https:\/\/www.facebook.com\/nissancouriant\" \/>\n<meta property=\"article:published_time\" content=\"2021-07-21T15:51:25+00:00\" \/>\n<meta property=\"article:modified_time\" content=\"2021-07-21T15:51:26+00:00\" \/>\n<meta property=\"og:image\" content=\"https:\/\/www.nissan-couriant.fr\/blog\/wp-content\/uploads\/2021\/07\/Nissan-LEAF-Canto-couriant.jpg\" \/>\n\t<meta property=\"og:image:width\" content=\"1400\" \/>\n\t<meta property=\"og:image:height\" content=\"541\" \/>\n\t<meta property=\"og:image:type\" content=\"image\/jpeg\" \/>\n<meta name=\"author\" content=\"Laura\" \/>\n<meta name=\"twitter:card\" content=\"summary_large_image\" \/>\n<meta name=\"twitter:creator\" content=\"@NissanCouriant\" \/>\n<meta name=\"twitter:site\" content=\"@NissanCouriant\" \/>\n<meta name=\"twitter:label1\" content=\"\u00c9crit par\" \/>\n\t<meta name=\"twitter:data1\" content=\"Laura\" \/>\n\t<meta name=\"twitter:label2\" content=\"Dur\u00e9e de lecture estim\u00e9e\" \/>\n\t<meta name=\"twitter:data2\" content=\"2 minutes\" \/>\n<script type=\"application\/ld+json\" class=\"yoast-schema-graph\">{\"@context\":\"https:\/\/schema.org\",\"@graph\":[{\"@type\":\"WebPage\",\"@id\":\"https:\/\/www.nissan-couriant.fr\/blog\/2021\/07\/21\/nouvelle-signature-sonore-pour-les-vehicules-100-electriques-nissan\/\",\"url\":\"https:\/\/www.nissan-couriant.fr\/blog\/2021\/07\/21\/nouvelle-signature-sonore-pour-les-vehicules-100-electriques-nissan\/\",\"name\":\"Nouvelle signature sonore pour les v\u00e9hicules 100% \u00e9lectriques Nissan\",\"isPartOf\":{\"@id\":\"https:\/\/www.nissan-couriant.fr\/blog\/#website\"},\"primaryImageOfPage\":{\"@id\":\"https:\/\/www.nissan-couriant.fr\/blog\/2021\/07\/21\/nouvelle-signature-sonore-pour-les-vehicules-100-electriques-nissan\/#primaryimage\"},\"image\":{\"@id\":\"https:\/\/www.nissan-couriant.fr\/blog\/2021\/07\/21\/nouvelle-signature-sonore-pour-les-vehicules-100-electriques-nissan\/#primaryimage\"},\"thumbnailUrl\":\"https:\/\/www.nissan-couriant.fr\/blog\/wp-content\/uploads\/2021\/07\/Nissan-LEAF-Canto-couriant.jpg\",\"datePublished\":\"2021-07-21T15:51:25+00:00\",\"dateModified\":\"2021-07-21T15:51:26+00:00\",\"author\":{\"@id\":\"https:\/\/www.nissan-couriant.fr\/blog\/#\/schema\/person\/41a03274ac74ba26549677c01c8c8f95\"},\"description\":\"La nouvelle signature sonore (AVAS) baptis\u00e9e Canto qui \u00e9quipera tous les v\u00e9hicules \u00e9lectrique Nissan dont la LEAF.\",\"breadcrumb\":{\"@id\":\"https:\/\/www.nissan-couriant.fr\/blog\/2021\/07\/21\/nouvelle-signature-sonore-pour-les-vehicules-100-electriques-nissan\/#breadcrumb\"},\"inLanguage\":\"fr-FR\",\"potentialAction\":[{\"@type\":\"ReadAction\",\"target\":[\"https:\/\/www.nissan-couriant.fr\/blog\/2021\/07\/21\/nouvelle-signature-sonore-pour-les-vehicules-100-electriques-nissan\/\"]}]},{\"@type\":\"ImageObject\",\"inLanguage\":\"fr-FR\",\"@id\":\"https:\/\/www.nissan-couriant.fr\/blog\/2021\/07\/21\/nouvelle-signature-sonore-pour-les-vehicules-100-electriques-nissan\/#primaryimage\",\"url\":\"https:\/\/www.nissan-couriant.fr\/blog\/wp-content\/uploads\/2021\/07\/Nissan-LEAF-Canto-couriant.jpg\",\"contentUrl\":\"https:\/\/www.nissan-couriant.fr\/blog\/wp-content\/uploads\/2021\/07\/Nissan-LEAF-Canto-couriant.jpg\",\"width\":1400,\"height\":541,\"caption\":\"Nissan LEAF Canto\"},{\"@type\":\"BreadcrumbList\",\"@id\":\"https:\/\/www.nissan-couriant.fr\/blog\/2021\/07\/21\/nouvelle-signature-sonore-pour-les-vehicules-100-electriques-nissan\/#breadcrumb\",\"itemListElement\":[{\"@type\":\"ListItem\",\"position\":1,\"name\":\"Accueil\",\"item\":\"https:\/\/www.nissan-couriant.fr\/blog\/\"},{\"@type\":\"ListItem\",\"position\":2,\"name\":\"Nouvelle signature sonore pour les v\u00e9hicules 100% \u00e9lectriques Nissan\"}]},{\"@type\":\"WebSite\",\"@id\":\"https:\/\/www.nissan-couriant.fr\/blog\/#website\",\"url\":\"https:\/\/www.nissan-couriant.fr\/blog\/\",\"name\":\"Nissan Couriant Aix en Provence\",\"description\":\"Distributeur Nissan \u00e0 Aix en Provence et Pays d&#039;Aix, v\u00e9hicules neufs et d&#039;occasion\",\"potentialAction\":[{\"@type\":\"SearchAction\",\"target\":{\"@type\":\"EntryPoint\",\"urlTemplate\":\"https:\/\/www.nissan-couriant.fr\/blog\/?s={search_term_string}\"},\"query-input\":{\"@type\":\"PropertyValueSpecification\",\"valueRequired\":true,\"valueName\":\"search_term_string\"}}],\"inLanguage\":\"fr-FR\"},{\"@type\":\"Person\",\"@id\":\"https:\/\/www.nissan-couriant.fr\/blog\/#\/schema\/person\/41a03274ac74ba26549677c01c8c8f95\",\"name\":\"Laura\",\"image\":{\"@type\":\"ImageObject\",\"inLanguage\":\"fr-FR\",\"@id\":\"https:\/\/www.nissan-couriant.fr\/blog\/#\/schema\/person\/image\/\",\"url\":\"https:\/\/secure.gravatar.com\/avatar\/efc9f8844553d88b37d54276fd17d9c7?s=96&d=mm&r=g\",\"contentUrl\":\"https:\/\/secure.gravatar.com\/avatar\/efc9f8844553d88b37d54276fd17d9c7?s=96&d=mm&r=g\",\"caption\":\"Laura\"},\"url\":\"https:\/\/www.nissan-couriant.fr\/blog\/author\/laura\/\"}]}<\/script>\n<!-- \/ Yoast SEO plugin. -->","yoast_head_json":{"title":"Nouvelle signature sonore pour les v\u00e9hicules 100% \u00e9lectriques Nissan","description":"La nouvelle signature sonore (AVAS) baptis\u00e9e Canto qui \u00e9quipera tous les v\u00e9hicules \u00e9lectrique Nissan dont la LEAF.","robots":{"index":"index","follow":"follow","max-snippet":"max-snippet:-1","max-image-preview":"max-image-preview:large","max-video-preview":"max-video-preview:-1"},"canonical":"https:\/\/www.nissan-couriant.fr\/blog\/2021\/07\/21\/nouvelle-signature-sonore-pour-les-vehicules-100-electriques-nissan\/","og_locale":"fr_FR","og_type":"article","og_title":"Nouvelle signature sonore pour les v\u00e9hicules 100% \u00e9lectriques Nissan","og_description":"La nouvelle signature sonore (AVAS) baptis\u00e9e Canto qui \u00e9quipera tous les v\u00e9hicules \u00e9lectrique Nissan dont la LEAF.","og_url":"https:\/\/www.nissan-couriant.fr\/blog\/2021\/07\/21\/nouvelle-signature-sonore-pour-les-vehicules-100-electriques-nissan\/","og_site_name":"Nissan Couriant Aix en Provence","article_publisher":"https:\/\/www.facebook.com\/nissancouriant","article_published_time":"2021-07-21T15:51:25+00:00","article_modified_time":"2021-07-21T15:51:26+00:00","og_image":[{"width":1400,"height":541,"url":"https:\/\/www.nissan-couriant.fr\/blog\/wp-content\/uploads\/2021\/07\/Nissan-LEAF-Canto-couriant.jpg","type":"image\/jpeg"}],"author":"Laura","twitter_card":"summary_large_image","twitter_creator":"@NissanCouriant","twitter_site":"@NissanCouriant","twitter_misc":{"\u00c9crit par":"Laura","Dur\u00e9e de lecture estim\u00e9e":"2 minutes"},"schema":{"@context":"https:\/\/schema.org","@graph":[{"@type":"WebPage","@id":"https:\/\/www.nissan-couriant.fr\/blog\/2021\/07\/21\/nouvelle-signature-sonore-pour-les-vehicules-100-electriques-nissan\/","url":"https:\/\/www.nissan-couriant.fr\/blog\/2021\/07\/21\/nouvelle-signature-sonore-pour-les-vehicules-100-electriques-nissan\/","name":"Nouvelle signature sonore pour les v\u00e9hicules 100% \u00e9lectriques Nissan","isPartOf":{"@id":"https:\/\/www.nissan-couriant.fr\/blog\/#website"},"primaryImageOfPage":{"@id":"https:\/\/www.nissan-couriant.fr\/blog\/2021\/07\/21\/nouvelle-signature-sonore-pour-les-vehicules-100-electriques-nissan\/#primaryimage"},"image":{"@id":"https:\/\/www.nissan-couriant.fr\/blog\/2021\/07\/21\/nouvelle-signature-sonore-pour-les-vehicules-100-electriques-nissan\/#primaryimage"},"thumbnailUrl":"https:\/\/www.nissan-couriant.fr\/blog\/wp-content\/uploads\/2021\/07\/Nissan-LEAF-Canto-couriant.jpg","datePublished":"2021-07-21T15:51:25+00:00","dateModified":"2021-07-21T15:51:26+00:00","author":{"@id":"https:\/\/www.nissan-couriant.fr\/blog\/#\/schema\/person\/41a03274ac74ba26549677c01c8c8f95"},"description":"La nouvelle signature sonore (AVAS) baptis\u00e9e Canto qui \u00e9quipera tous les v\u00e9hicules \u00e9lectrique Nissan dont la LEAF.","breadcrumb":{"@id":"https:\/\/www.nissan-couriant.fr\/blog\/2021\/07\/21\/nouvelle-signature-sonore-pour-les-vehicules-100-electriques-nissan\/#breadcrumb"},"inLanguage":"fr-FR","potentialAction":[{"@type":"ReadAction","target":["https:\/\/www.nissan-couriant.fr\/blog\/2021\/07\/21\/nouvelle-signature-sonore-pour-les-vehicules-100-electriques-nissan\/"]}]},{"@type":"ImageObject","inLanguage":"fr-FR","@id":"https:\/\/www.nissan-couriant.fr\/blog\/2021\/07\/21\/nouvelle-signature-sonore-pour-les-vehicules-100-electriques-nissan\/#primaryimage","url":"https:\/\/www.nissan-couriant.fr\/blog\/wp-content\/uploads\/2021\/07\/Nissan-LEAF-Canto-couriant.jpg","contentUrl":"https:\/\/www.nissan-couriant.fr\/blog\/wp-content\/uploads\/2021\/07\/Nissan-LEAF-Canto-couriant.jpg","width":1400,"height":541,"caption":"Nissan LEAF Canto"},{"@type":"BreadcrumbList","@id":"https:\/\/www.nissan-couriant.fr\/blog\/2021\/07\/21\/nouvelle-signature-sonore-pour-les-vehicules-100-electriques-nissan\/#breadcrumb","itemListElement":[{"@type":"ListItem","position":1,"name":"Accueil","item":"https:\/\/www.nissan-couriant.fr\/blog\/"},{"@type":"ListItem","position":2,"name":"Nouvelle signature sonore pour les v\u00e9hicules 100% \u00e9lectriques Nissan"}]},{"@type":"WebSite","@id":"https:\/\/www.nissan-couriant.fr\/blog\/#website","url":"https:\/\/www.nissan-couriant.fr\/blog\/","name":"Nissan Couriant Aix en Provence","description":"Distributeur Nissan \u00e0 Aix en Provence et Pays d&#039;Aix, v\u00e9hicules neufs et d&#039;occasion","potentialAction":[{"@type":"SearchAction","target":{"@type":"EntryPoint","urlTemplate":"https:\/\/www.nissan-couriant.fr\/blog\/?s={search_term_string}"},"query-input":{"@type":"PropertyValueSpecification","valueRequired":true,"valueName":"search_term_string"}}],"inLanguage":"fr-FR"},{"@type":"Person","@id":"https:\/\/www.nissan-couriant.fr\/blog\/#\/schema\/person\/41a03274ac74ba26549677c01c8c8f95","name":"Laura","image":{"@type":"ImageObject","inLanguage":"fr-FR","@id":"https:\/\/www.nissan-couriant.fr\/blog\/#\/schema\/person\/image\/","url":"https:\/\/secure.gravatar.com\/avatar\/efc9f8844553d88b37d54276fd17d9c7?s=96&d=mm&r=g","contentUrl":"https:\/\/secure.gravatar.com\/avatar\/efc9f8844553d88b37d54276fd17d9c7?s=96&d=mm&r=g","caption":"Laura"},"url":"https:\/\/www.nissan-couriant.fr\/blog\/author\/laura\/"}]}},"publishpress_future_action":{"enabled":false,"date":"2026-09-13 14:44:34","action":"change-status","newStatus":"draft","terms":[],"taxonomy":"category"},"publishpress_future_workflow_manual_trigger":{"enabledWorkflows":[]},"_links":{"self":[{"href":"https:\/\/www.nissan-couriant.fr\/blog\/wp-json\/wp\/v2\/posts\/24374","targetHints":{"allow":["GET"]}}],"collection":[{"href":"https:\/\/www.nissan-couriant.fr\/blog\/wp-json\/wp\/v2\/posts"}],"about":[{"href":"https:\/\/www.nissan-couriant.fr\/blog\/wp-json\/wp\/v2\/types\/post"}],"author":[{"embeddable":true,"href":"https:\/\/www.nissan-couriant.fr\/blog\/wp-json\/wp\/v2\/users\/1101"}],"replies":[{"embeddable":true,"href":"https:\/\/www.nissan-couriant.fr\/blog\/wp-json\/wp\/v2\/comments?post=24374"}],"version-history":[{"count":2,"href":"https:\/\/www.nissan-couriant.fr\/blog\/wp-json\/wp\/v2\/posts\/24374\/revisions"}],"predecessor-version":[{"id":24376,"href":"https:\/\/www.nissan-couriant.fr\/blog\/wp-json\/wp\/v2\/posts\/24374\/revisions\/24376"}],"wp:featuredmedia":[{"embeddable":true,"href":"https:\/\/www.nissan-couriant.fr\/blog\/wp-json\/wp\/v2\/media\/24377"}],"wp:attachment":[{"href":"https:\/\/www.nissan-couriant.fr\/blog\/wp-json\/wp\/v2\/media?parent=24374"}],"wp:term":[{"taxonomy":"category","embeddable":true,"href":"https:\/\/www.nissan-couriant.fr\/blog\/wp-json\/wp\/v2\/categories?post=24374"},{"taxonomy":"post_tag","embeddable":true,"href":"https:\/\/www.nissan-couriant.fr\/blog\/wp-json\/wp\/v2\/tags?post=24374"}],"curies":[{"name":"wp","href":"https:\/\/api.w.org\/{rel}","templated":true}]}}