{"id":24423,"date":"2021-08-18T13:03:04","date_gmt":"2021-08-18T12:03:04","guid":{"rendered":"https:\/\/www.nissan-couriant.fr\/blog\/?p=24423"},"modified":"2021-08-18T13:03:05","modified_gmt":"2021-08-18T12:03:05","slug":"la-nissan-z-officiellement-devoilee-pour-le-marche-nord-americain","status":"publish","type":"post","link":"https:\/\/www.nissan-couriant.fr\/blog\/2021\/08\/18\/la-nissan-z-officiellement-devoilee-pour-le-marche-nord-americain\/","title":{"rendered":"La Nissan Z officiellement d\u00e9voil\u00e9e pour le march\u00e9 Nord-Am\u00e9ricain"},"content":{"rendered":"\n<p>Alors que l\u2019Am\u00e9rique du Nord nous d\u00e9voilait officiellement la nouvelle Nissan Z hier soir en direct lors d\u2019une \u00e9mission diffus\u00e9e mondialement depuis la Brooklyn&rsquo;s Duggal Greenhouse, nous n\u2019avons pu que rester admiratif devant ce nouveau mod\u00e8le. En effet, la Nissan Z ne sera pas pour le march\u00e9 Europ\u00e9en\u2026 Faute de pouvoir la voir arpenter nos routes fran\u00e7aises, nous pouvons cependant appr\u00e9cier le design et les performances de la derni\u00e8re sportive Nissan.<\/p>\n\n\n\n<h2 class=\"wp-block-heading\">Un clin d\u2019\u0153il \u00e0 la Datsun 240Z originale de 1970<\/h2>\n\n\n\n<p>La Nissan Z repr\u00e9sente la derni\u00e8re g\u00e9n\u00e9ration de sportives Nissan Z. La premi\u00e8re de sa lign\u00e9e \u00e9tant la Datsun 240Z d\u00e9voil\u00e9e en octobre 1969 et commercialis\u00e9 en 1970. Pour son \u00e9poque la \u00ab&nbsp;Z&nbsp;\u00bb  \u00e9tait une r\u00e9volution, depuis lors Nissan n\u2019a cess\u00e9 d\u2019apporter style, performance et fiabilit\u00e9 \u00e0 cette s\u00e9rie de sportives.<\/p>\n\n\n\n<p>50 ans et 6 g\u00e9n\u00e9rations de \u00ab&nbsp;Z&nbsp;\u00bb plus tard, Nissan nous pr\u00e9sente sa petite derni\u00e8re nomm\u00e9 d\u2019une seule lettre \u00ab&nbsp;Z&nbsp;\u00bb \u00e0 l\u2019instar de ses pr\u00e9d\u00e9cesseuses qui avaient \u00e9galement une d\u00e9nomination chiffr\u00e9e.<\/p>\n\n\n\n<figure class=\"wp-block-image size-large\"><img fetchpriority=\"high\" decoding=\"async\" width=\"1024\" height=\"683\" src=\"https:\/\/www.nissan-couriant.fr\/blog\/wp-content\/uploads\/2021\/08\/2023-Nissan-Z_S-17-1024x683.jpg\" alt=\"\" class=\"wp-image-24429 colorbox-24423\" srcset=\"https:\/\/www.nissan-couriant.fr\/blog\/wp-content\/uploads\/2021\/08\/2023-Nissan-Z_S-17-1024x683.jpg 1024w, https:\/\/www.nissan-couriant.fr\/blog\/wp-content\/uploads\/2021\/08\/2023-Nissan-Z_S-17-645x430.jpg 645w, https:\/\/www.nissan-couriant.fr\/blog\/wp-content\/uploads\/2021\/08\/2023-Nissan-Z_S-17-768x512.jpg 768w, https:\/\/www.nissan-couriant.fr\/blog\/wp-content\/uploads\/2021\/08\/2023-Nissan-Z_S-17.jpg 1200w\" sizes=\"(max-width: 1024px) 100vw, 1024px\" \/><\/figure>\n\n\n\n<h2 class=\"wp-block-heading\" id=\"block-04325c86-6961-48fe-af1c-295ef0443ded\">Un style n\u00e9o-r\u00e9tro qui ne manquera pas d\u2019attirer les regards&nbsp;!<\/h2>\n\n\n\n<p id=\"block-6012e6f4-50be-4e5a-863f-ffab559ac843\">Sa silhouette se veut d\u00e9finitivement inspir\u00e9e du mod\u00e8le d\u2019origine avec son long capot et sa posture basse qui lui conf\u00e8rent une allure r\u00e9tro. L\u2019int\u00e9rieur quant \u00e0 lui est r\u00e9solument sportif gr\u00e2ce \u00e0 ses si\u00e8ges sport garnis de cuir et son poste de pilotage centr\u00e9 sur le conducteur avec un affichage de compteur personnalisable de 12,3 pouces h\u00e9rit\u00e9 des voitures de course.<\/p>\n\n\n\n<figure class=\"wp-block-image size-large\" id=\"block-67134e37-eedc-4064-81ce-6956a30b0bc4\"><img decoding=\"async\" width=\"1024\" height=\"781\" src=\"https:\/\/www.nissan-couriant.fr\/blog\/wp-content\/uploads\/2021\/08\/2023-Nissan-Z_S-11-1024x781.jpg\" alt=\"\" class=\"wp-image-24428 colorbox-24423\" srcset=\"https:\/\/www.nissan-couriant.fr\/blog\/wp-content\/uploads\/2021\/08\/2023-Nissan-Z_S-11-1024x781.jpg 1024w, https:\/\/www.nissan-couriant.fr\/blog\/wp-content\/uploads\/2021\/08\/2023-Nissan-Z_S-11-645x492.jpg 645w, https:\/\/www.nissan-couriant.fr\/blog\/wp-content\/uploads\/2021\/08\/2023-Nissan-Z_S-11-768x586.jpg 768w, https:\/\/www.nissan-couriant.fr\/blog\/wp-content\/uploads\/2021\/08\/2023-Nissan-Z_S-11.jpg 1200w\" sizes=\"(max-width: 1024px) 100vw, 1024px\" \/><\/figure>\n\n\n\n<h2 class=\"wp-block-heading\" id=\"block-6a729a0c-3690-4c23-a320-9b4939b41edc\">Les performances d\u2019une sportive&#8230;<\/h2>\n\n\n\n<p id=\"block-dc36efee-bef5-44ad-819c-ccee26a17d78\">Une puissance \u00e0 la hauteur de sa r\u00e9putation, puisque la Nissan Z est \u00e9quip\u00e9e d\u2019un moteur V6 biturbo de 3,0 litres d\u00e9veloppant 400 chevaux. Cot\u00e9 transmission les acheteurs Nord-Am\u00e9ricains auront le choix entre une boite manuelle \u00e0 6 vitesses dot\u00e9e d\u2019un embrayage similiaire au sport automobile, ou d&rsquo;une transmission automatique \u00e0 9 vitesses avec palettes en aluminium m\u00e9tamorphes.<\/p>\n\n\n\n<p id=\"block-d8fdaea8-72e7-4d87-8ed0-3ec1216239c2\">Con\u00e7ue pour \u00eatre un r\u00eave accessible, cette nouvelle g\u00e9n\u00e9ration de Z ravira les passionn\u00e9s de cette s\u00e9rie iconique&nbsp;!<\/p>\n\n\n\n<p id=\"block-85d70203-57cc-46bf-93ea-c251586012b5\">Vous pouvez cependant vous consoler en d\u00e9couvrant notre large choix de v\u00e9hicules Nissan !<\/p>\n\n\n\n<figure class=\"wp-block-image size-large\" id=\"block-09591956-15b2-4d22-9f35-c24b95edc845\"><img decoding=\"async\" width=\"1024\" height=\"650\" src=\"https:\/\/www.nissan-couriant.fr\/blog\/wp-content\/uploads\/2021\/08\/2023-Nissan-Z_S-32-1024x650.jpg\" alt=\"\" class=\"wp-image-24426 colorbox-24423\" srcset=\"https:\/\/www.nissan-couriant.fr\/blog\/wp-content\/uploads\/2021\/08\/2023-Nissan-Z_S-32-1024x650.jpg 1024w, https:\/\/www.nissan-couriant.fr\/blog\/wp-content\/uploads\/2021\/08\/2023-Nissan-Z_S-32-645x410.jpg 645w, https:\/\/www.nissan-couriant.fr\/blog\/wp-content\/uploads\/2021\/08\/2023-Nissan-Z_S-32-768x488.jpg 768w, https:\/\/www.nissan-couriant.fr\/blog\/wp-content\/uploads\/2021\/08\/2023-Nissan-Z_S-32.jpg 1200w\" sizes=\"(max-width: 1024px) 100vw, 1024px\" \/><\/figure>\n\n\n\n<figure class=\"wp-block-image size-large\" id=\"block-20d2c9b1-a921-4843-b738-39a436346e5b\"><img loading=\"lazy\" decoding=\"async\" width=\"1024\" height=\"692\" src=\"https:\/\/www.nissan-couriant.fr\/blog\/wp-content\/uploads\/2021\/08\/2023-Nissan-Z_S-22-1024x692.jpg\" alt=\"\" class=\"wp-image-24427 colorbox-24423\" srcset=\"https:\/\/www.nissan-couriant.fr\/blog\/wp-content\/uploads\/2021\/08\/2023-Nissan-Z_S-22-1024x692.jpg 1024w, https:\/\/www.nissan-couriant.fr\/blog\/wp-content\/uploads\/2021\/08\/2023-Nissan-Z_S-22-645x436.jpg 645w, https:\/\/www.nissan-couriant.fr\/blog\/wp-content\/uploads\/2021\/08\/2023-Nissan-Z_S-22-768x519.jpg 768w, https:\/\/www.nissan-couriant.fr\/blog\/wp-content\/uploads\/2021\/08\/2023-Nissan-Z_S-22.jpg 1200w\" sizes=\"(max-width: 1024px) 100vw, 1024px\" \/><\/figure>\n\n\n\n<figure class=\"wp-block-image size-large\" id=\"block-57a2eef1-a671-410f-93da-de6e9acf32aa\"><img loading=\"lazy\" decoding=\"async\" width=\"1024\" height=\"683\" src=\"https:\/\/www.nissan-couriant.fr\/blog\/wp-content\/uploads\/2021\/08\/2023-Nissan-Z_S-40-1024x683.jpg\" alt=\"\" class=\"wp-image-24425 colorbox-24423\" srcset=\"https:\/\/www.nissan-couriant.fr\/blog\/wp-content\/uploads\/2021\/08\/2023-Nissan-Z_S-40-1024x683.jpg 1024w, https:\/\/www.nissan-couriant.fr\/blog\/wp-content\/uploads\/2021\/08\/2023-Nissan-Z_S-40-645x430.jpg 645w, https:\/\/www.nissan-couriant.fr\/blog\/wp-content\/uploads\/2021\/08\/2023-Nissan-Z_S-40-768x512.jpg 768w, https:\/\/www.nissan-couriant.fr\/blog\/wp-content\/uploads\/2021\/08\/2023-Nissan-Z_S-40.jpg 1200w\" sizes=\"(max-width: 1024px) 100vw, 1024px\" \/><\/figure>\n","protected":false},"excerpt":{"rendered":"<p>Alors que l\u2019Am\u00e9rique du Nord nous d\u00e9voilait officiellement la nouvelle Nissan Z hier soir en direct lors d\u2019une \u00e9mission diffus\u00e9e mondialement depuis la Brooklyn&rsquo;s Duggal Greenhouse, nous n\u2019avons pu que&#8230;<\/p>\n","protected":false},"author":1101,"featured_media":24424,"comment_status":"open","ping_status":"closed","sticky":false,"template":"","format":"standard","meta":{"footnotes":""},"categories":[864,7],"tags":[],"class_list":["post-24423","post","type-post","status-publish","format-standard","has-post-thumbnail","hentry","category-actualites","category-lunivers-nissan"],"yoast_head":"<!-- This site is optimized with the Yoast SEO plugin v24.4 - https:\/\/yoast.com\/wordpress\/plugins\/seo\/ -->\n<title>La Nissan Z officiellement d\u00e9voil\u00e9e pour le march\u00e9 Nord-Am\u00e9ricain<\/title>\n<meta name=\"description\" content=\"L&#039;Am\u00e9rique du Nord nous d\u00e9voilait officiellement la nouvelle Nissan Z hier soir mais elle ne sera pas pour le march\u00e9 Europ\u00e9en.\" \/>\n<meta name=\"robots\" content=\"index, follow, max-snippet:-1, max-image-preview:large, max-video-preview:-1\" \/>\n<link rel=\"canonical\" href=\"https:\/\/www.nissan-couriant.fr\/blog\/2021\/08\/18\/la-nissan-z-officiellement-devoilee-pour-le-marche-nord-americain\/\" \/>\n<meta property=\"og:locale\" content=\"fr_FR\" \/>\n<meta property=\"og:type\" content=\"article\" \/>\n<meta property=\"og:title\" content=\"La Nissan Z officiellement d\u00e9voil\u00e9e pour le march\u00e9 Nord-Am\u00e9ricain\" \/>\n<meta property=\"og:description\" content=\"L&#039;Am\u00e9rique du Nord nous d\u00e9voilait officiellement la nouvelle Nissan Z hier soir mais elle ne sera pas pour le march\u00e9 Europ\u00e9en.\" \/>\n<meta property=\"og:url\" content=\"https:\/\/www.nissan-couriant.fr\/blog\/2021\/08\/18\/la-nissan-z-officiellement-devoilee-pour-le-marche-nord-americain\/\" \/>\n<meta property=\"og:site_name\" content=\"Nissan Couriant Aix en Provence\" \/>\n<meta property=\"article:publisher\" content=\"https:\/\/www.facebook.com\/nissancouriant\" \/>\n<meta property=\"article:published_time\" content=\"2021-08-18T12:03:04+00:00\" \/>\n<meta property=\"article:modified_time\" content=\"2021-08-18T12:03:05+00:00\" \/>\n<meta property=\"og:image\" content=\"https:\/\/www.nissan-couriant.fr\/blog\/wp-content\/uploads\/2021\/08\/2023-Nissan-Z_S-55.jpg\" \/>\n\t<meta property=\"og:image:width\" content=\"1400\" \/>\n\t<meta property=\"og:image:height\" content=\"540\" \/>\n\t<meta property=\"og:image:type\" content=\"image\/jpeg\" \/>\n<meta name=\"author\" content=\"Laura\" \/>\n<meta name=\"twitter:card\" content=\"summary_large_image\" \/>\n<meta name=\"twitter:creator\" content=\"@NissanCouriant\" \/>\n<meta name=\"twitter:site\" content=\"@NissanCouriant\" \/>\n<meta name=\"twitter:label1\" content=\"\u00c9crit par\" \/>\n\t<meta name=\"twitter:data1\" content=\"Laura\" \/>\n\t<meta name=\"twitter:label2\" content=\"Dur\u00e9e de lecture estim\u00e9e\" \/>\n\t<meta name=\"twitter:data2\" content=\"3 minutes\" \/>\n<script type=\"application\/ld+json\" class=\"yoast-schema-graph\">{\"@context\":\"https:\/\/schema.org\",\"@graph\":[{\"@type\":\"WebPage\",\"@id\":\"https:\/\/www.nissan-couriant.fr\/blog\/2021\/08\/18\/la-nissan-z-officiellement-devoilee-pour-le-marche-nord-americain\/\",\"url\":\"https:\/\/www.nissan-couriant.fr\/blog\/2021\/08\/18\/la-nissan-z-officiellement-devoilee-pour-le-marche-nord-americain\/\",\"name\":\"La Nissan Z officiellement d\u00e9voil\u00e9e pour le march\u00e9 Nord-Am\u00e9ricain\",\"isPartOf\":{\"@id\":\"https:\/\/www.nissan-couriant.fr\/blog\/#website\"},\"primaryImageOfPage\":{\"@id\":\"https:\/\/www.nissan-couriant.fr\/blog\/2021\/08\/18\/la-nissan-z-officiellement-devoilee-pour-le-marche-nord-americain\/#primaryimage\"},\"image\":{\"@id\":\"https:\/\/www.nissan-couriant.fr\/blog\/2021\/08\/18\/la-nissan-z-officiellement-devoilee-pour-le-marche-nord-americain\/#primaryimage\"},\"thumbnailUrl\":\"https:\/\/www.nissan-couriant.fr\/blog\/wp-content\/uploads\/2021\/08\/2023-Nissan-Z_S-55.jpg\",\"datePublished\":\"2021-08-18T12:03:04+00:00\",\"dateModified\":\"2021-08-18T12:03:05+00:00\",\"author\":{\"@id\":\"https:\/\/www.nissan-couriant.fr\/blog\/#\/schema\/person\/41a03274ac74ba26549677c01c8c8f95\"},\"description\":\"L'Am\u00e9rique du Nord nous d\u00e9voilait officiellement la nouvelle Nissan Z hier soir mais elle ne sera pas pour le march\u00e9 Europ\u00e9en.\",\"breadcrumb\":{\"@id\":\"https:\/\/www.nissan-couriant.fr\/blog\/2021\/08\/18\/la-nissan-z-officiellement-devoilee-pour-le-marche-nord-americain\/#breadcrumb\"},\"inLanguage\":\"fr-FR\",\"potentialAction\":[{\"@type\":\"ReadAction\",\"target\":[\"https:\/\/www.nissan-couriant.fr\/blog\/2021\/08\/18\/la-nissan-z-officiellement-devoilee-pour-le-marche-nord-americain\/\"]}]},{\"@type\":\"ImageObject\",\"inLanguage\":\"fr-FR\",\"@id\":\"https:\/\/www.nissan-couriant.fr\/blog\/2021\/08\/18\/la-nissan-z-officiellement-devoilee-pour-le-marche-nord-americain\/#primaryimage\",\"url\":\"https:\/\/www.nissan-couriant.fr\/blog\/wp-content\/uploads\/2021\/08\/2023-Nissan-Z_S-55.jpg\",\"contentUrl\":\"https:\/\/www.nissan-couriant.fr\/blog\/wp-content\/uploads\/2021\/08\/2023-Nissan-Z_S-55.jpg\",\"width\":1400,\"height\":540},{\"@type\":\"BreadcrumbList\",\"@id\":\"https:\/\/www.nissan-couriant.fr\/blog\/2021\/08\/18\/la-nissan-z-officiellement-devoilee-pour-le-marche-nord-americain\/#breadcrumb\",\"itemListElement\":[{\"@type\":\"ListItem\",\"position\":1,\"name\":\"Accueil\",\"item\":\"https:\/\/www.nissan-couriant.fr\/blog\/\"},{\"@type\":\"ListItem\",\"position\":2,\"name\":\"La Nissan Z officiellement d\u00e9voil\u00e9e pour le march\u00e9 Nord-Am\u00e9ricain\"}]},{\"@type\":\"WebSite\",\"@id\":\"https:\/\/www.nissan-couriant.fr\/blog\/#website\",\"url\":\"https:\/\/www.nissan-couriant.fr\/blog\/\",\"name\":\"Nissan Couriant Aix en Provence\",\"description\":\"Distributeur Nissan \u00e0 Aix en Provence et Pays d&#039;Aix, v\u00e9hicules neufs et d&#039;occasion\",\"potentialAction\":[{\"@type\":\"SearchAction\",\"target\":{\"@type\":\"EntryPoint\",\"urlTemplate\":\"https:\/\/www.nissan-couriant.fr\/blog\/?s={search_term_string}\"},\"query-input\":{\"@type\":\"PropertyValueSpecification\",\"valueRequired\":true,\"valueName\":\"search_term_string\"}}],\"inLanguage\":\"fr-FR\"},{\"@type\":\"Person\",\"@id\":\"https:\/\/www.nissan-couriant.fr\/blog\/#\/schema\/person\/41a03274ac74ba26549677c01c8c8f95\",\"name\":\"Laura\",\"image\":{\"@type\":\"ImageObject\",\"inLanguage\":\"fr-FR\",\"@id\":\"https:\/\/www.nissan-couriant.fr\/blog\/#\/schema\/person\/image\/\",\"url\":\"https:\/\/secure.gravatar.com\/avatar\/efc9f8844553d88b37d54276fd17d9c7?s=96&d=mm&r=g\",\"contentUrl\":\"https:\/\/secure.gravatar.com\/avatar\/efc9f8844553d88b37d54276fd17d9c7?s=96&d=mm&r=g\",\"caption\":\"Laura\"},\"url\":\"https:\/\/www.nissan-couriant.fr\/blog\/author\/laura\/\"}]}<\/script>\n<!-- \/ Yoast SEO plugin. -->","yoast_head_json":{"title":"La Nissan Z officiellement d\u00e9voil\u00e9e pour le march\u00e9 Nord-Am\u00e9ricain","description":"L'Am\u00e9rique du Nord nous d\u00e9voilait officiellement la nouvelle Nissan Z hier soir mais elle ne sera pas pour le march\u00e9 Europ\u00e9en.","robots":{"index":"index","follow":"follow","max-snippet":"max-snippet:-1","max-image-preview":"max-image-preview:large","max-video-preview":"max-video-preview:-1"},"canonical":"https:\/\/www.nissan-couriant.fr\/blog\/2021\/08\/18\/la-nissan-z-officiellement-devoilee-pour-le-marche-nord-americain\/","og_locale":"fr_FR","og_type":"article","og_title":"La Nissan Z officiellement d\u00e9voil\u00e9e pour le march\u00e9 Nord-Am\u00e9ricain","og_description":"L'Am\u00e9rique du Nord nous d\u00e9voilait officiellement la nouvelle Nissan Z hier soir mais elle ne sera pas pour le march\u00e9 Europ\u00e9en.","og_url":"https:\/\/www.nissan-couriant.fr\/blog\/2021\/08\/18\/la-nissan-z-officiellement-devoilee-pour-le-marche-nord-americain\/","og_site_name":"Nissan Couriant Aix en Provence","article_publisher":"https:\/\/www.facebook.com\/nissancouriant","article_published_time":"2021-08-18T12:03:04+00:00","article_modified_time":"2021-08-18T12:03:05+00:00","og_image":[{"width":1400,"height":540,"url":"https:\/\/www.nissan-couriant.fr\/blog\/wp-content\/uploads\/2021\/08\/2023-Nissan-Z_S-55.jpg","type":"image\/jpeg"}],"author":"Laura","twitter_card":"summary_large_image","twitter_creator":"@NissanCouriant","twitter_site":"@NissanCouriant","twitter_misc":{"\u00c9crit par":"Laura","Dur\u00e9e de lecture estim\u00e9e":"3 minutes"},"schema":{"@context":"https:\/\/schema.org","@graph":[{"@type":"WebPage","@id":"https:\/\/www.nissan-couriant.fr\/blog\/2021\/08\/18\/la-nissan-z-officiellement-devoilee-pour-le-marche-nord-americain\/","url":"https:\/\/www.nissan-couriant.fr\/blog\/2021\/08\/18\/la-nissan-z-officiellement-devoilee-pour-le-marche-nord-americain\/","name":"La Nissan Z officiellement d\u00e9voil\u00e9e pour le march\u00e9 Nord-Am\u00e9ricain","isPartOf":{"@id":"https:\/\/www.nissan-couriant.fr\/blog\/#website"},"primaryImageOfPage":{"@id":"https:\/\/www.nissan-couriant.fr\/blog\/2021\/08\/18\/la-nissan-z-officiellement-devoilee-pour-le-marche-nord-americain\/#primaryimage"},"image":{"@id":"https:\/\/www.nissan-couriant.fr\/blog\/2021\/08\/18\/la-nissan-z-officiellement-devoilee-pour-le-marche-nord-americain\/#primaryimage"},"thumbnailUrl":"https:\/\/www.nissan-couriant.fr\/blog\/wp-content\/uploads\/2021\/08\/2023-Nissan-Z_S-55.jpg","datePublished":"2021-08-18T12:03:04+00:00","dateModified":"2021-08-18T12:03:05+00:00","author":{"@id":"https:\/\/www.nissan-couriant.fr\/blog\/#\/schema\/person\/41a03274ac74ba26549677c01c8c8f95"},"description":"L'Am\u00e9rique du Nord nous d\u00e9voilait officiellement la nouvelle Nissan Z hier soir mais elle ne sera pas pour le march\u00e9 Europ\u00e9en.","breadcrumb":{"@id":"https:\/\/www.nissan-couriant.fr\/blog\/2021\/08\/18\/la-nissan-z-officiellement-devoilee-pour-le-marche-nord-americain\/#breadcrumb"},"inLanguage":"fr-FR","potentialAction":[{"@type":"ReadAction","target":["https:\/\/www.nissan-couriant.fr\/blog\/2021\/08\/18\/la-nissan-z-officiellement-devoilee-pour-le-marche-nord-americain\/"]}]},{"@type":"ImageObject","inLanguage":"fr-FR","@id":"https:\/\/www.nissan-couriant.fr\/blog\/2021\/08\/18\/la-nissan-z-officiellement-devoilee-pour-le-marche-nord-americain\/#primaryimage","url":"https:\/\/www.nissan-couriant.fr\/blog\/wp-content\/uploads\/2021\/08\/2023-Nissan-Z_S-55.jpg","contentUrl":"https:\/\/www.nissan-couriant.fr\/blog\/wp-content\/uploads\/2021\/08\/2023-Nissan-Z_S-55.jpg","width":1400,"height":540},{"@type":"BreadcrumbList","@id":"https:\/\/www.nissan-couriant.fr\/blog\/2021\/08\/18\/la-nissan-z-officiellement-devoilee-pour-le-marche-nord-americain\/#breadcrumb","itemListElement":[{"@type":"ListItem","position":1,"name":"Accueil","item":"https:\/\/www.nissan-couriant.fr\/blog\/"},{"@type":"ListItem","position":2,"name":"La Nissan Z officiellement d\u00e9voil\u00e9e pour le march\u00e9 Nord-Am\u00e9ricain"}]},{"@type":"WebSite","@id":"https:\/\/www.nissan-couriant.fr\/blog\/#website","url":"https:\/\/www.nissan-couriant.fr\/blog\/","name":"Nissan Couriant Aix en Provence","description":"Distributeur Nissan \u00e0 Aix en Provence et Pays d&#039;Aix, v\u00e9hicules neufs et d&#039;occasion","potentialAction":[{"@type":"SearchAction","target":{"@type":"EntryPoint","urlTemplate":"https:\/\/www.nissan-couriant.fr\/blog\/?s={search_term_string}"},"query-input":{"@type":"PropertyValueSpecification","valueRequired":true,"valueName":"search_term_string"}}],"inLanguage":"fr-FR"},{"@type":"Person","@id":"https:\/\/www.nissan-couriant.fr\/blog\/#\/schema\/person\/41a03274ac74ba26549677c01c8c8f95","name":"Laura","image":{"@type":"ImageObject","inLanguage":"fr-FR","@id":"https:\/\/www.nissan-couriant.fr\/blog\/#\/schema\/person\/image\/","url":"https:\/\/secure.gravatar.com\/avatar\/efc9f8844553d88b37d54276fd17d9c7?s=96&d=mm&r=g","contentUrl":"https:\/\/secure.gravatar.com\/avatar\/efc9f8844553d88b37d54276fd17d9c7?s=96&d=mm&r=g","caption":"Laura"},"url":"https:\/\/www.nissan-couriant.fr\/blog\/author\/laura\/"}]}},"publishpress_future_action":{"enabled":false,"date":"2026-09-13 14:40:45","action":"change-status","newStatus":"draft","terms":[],"taxonomy":"category"},"publishpress_future_workflow_manual_trigger":{"enabledWorkflows":[]},"_links":{"self":[{"href":"https:\/\/www.nissan-couriant.fr\/blog\/wp-json\/wp\/v2\/posts\/24423","targetHints":{"allow":["GET"]}}],"collection":[{"href":"https:\/\/www.nissan-couriant.fr\/blog\/wp-json\/wp\/v2\/posts"}],"about":[{"href":"https:\/\/www.nissan-couriant.fr\/blog\/wp-json\/wp\/v2\/types\/post"}],"author":[{"embeddable":true,"href":"https:\/\/www.nissan-couriant.fr\/blog\/wp-json\/wp\/v2\/users\/1101"}],"replies":[{"embeddable":true,"href":"https:\/\/www.nissan-couriant.fr\/blog\/wp-json\/wp\/v2\/comments?post=24423"}],"version-history":[{"count":2,"href":"https:\/\/www.nissan-couriant.fr\/blog\/wp-json\/wp\/v2\/posts\/24423\/revisions"}],"predecessor-version":[{"id":24431,"href":"https:\/\/www.nissan-couriant.fr\/blog\/wp-json\/wp\/v2\/posts\/24423\/revisions\/24431"}],"wp:featuredmedia":[{"embeddable":true,"href":"https:\/\/www.nissan-couriant.fr\/blog\/wp-json\/wp\/v2\/media\/24424"}],"wp:attachment":[{"href":"https:\/\/www.nissan-couriant.fr\/blog\/wp-json\/wp\/v2\/media?parent=24423"}],"wp:term":[{"taxonomy":"category","embeddable":true,"href":"https:\/\/www.nissan-couriant.fr\/blog\/wp-json\/wp\/v2\/categories?post=24423"},{"taxonomy":"post_tag","embeddable":true,"href":"https:\/\/www.nissan-couriant.fr\/blog\/wp-json\/wp\/v2\/tags?post=24423"}],"curies":[{"name":"wp","href":"https:\/\/api.w.org\/{rel}","templated":true}]}}