{"id":24511,"date":"2021-09-07T15:20:27","date_gmt":"2021-09-07T14:20:27","guid":{"rendered":"https:\/\/www.nissan-couriant.fr\/blog\/?p=24511"},"modified":"2021-09-07T15:20:28","modified_gmt":"2021-09-07T14:20:28","slug":"nissan-celebre-une-decennie-dinnovation-dans-le-domaine-de-la-mobilite-electrique","status":"publish","type":"post","link":"https:\/\/www.nissan-couriant.fr\/blog\/2021\/09\/07\/nissan-celebre-une-decennie-dinnovation-dans-le-domaine-de-la-mobilite-electrique\/","title":{"rendered":"Nissan c\u00e9l\u00e8bre une d\u00e9cennie d\u2019innovation dans le domaine de la mobilit\u00e9 \u00e9lectrique !"},"content":{"rendered":"\n<p>En 2010, Nissan lan\u00e7ait sa premi\u00e8re voiture 100% \u00e9lectrique en Europe&nbsp;: la Nissan Leaf. Depuis lors la marque n\u2019a cess\u00e9 de travailler \u00e0 \u00e9largir sa gamme, notamment avec le tr\u00e8s polyvalent fourgon compact e-NV200. Apr\u00e8s une d\u00e9cennie de succ\u00e8s et d&rsquo;innovation vers la mobilit\u00e9 100% \u00e9lectrique, Nissan f\u00eate aujourd\u2019hui ses 250 000 v\u00e9hicules \u00e9lectriques vendus en Europe.<\/p>\n\n\n\n<h2 class=\"wp-block-heading\"><strong>Pionni\u00e8re de la mobilit\u00e9 100% \u00e9lectrique : la Nissan LEAF<\/strong><\/h2>\n\n\n\n<p>\u00c9quip\u00e9e de technologies de pointe et d\u2019une motorisation sophistiqu\u00e9e depuis que le tout premier mod\u00e8le, sorti il y a 10 ans, les deux g\u00e9n\u00e9rations de LEAF ont ouvert la voie dans le d\u00e9veloppement des v\u00e9hicules 100% \u00e9lectriques.<\/p>\n\n\n\n<p>Avec des fonctionnalit\u00e9s intuitives, comme la conduite assist\u00e9e Nissan ProPILOT et l&rsquo;exclusive e-Pedal qui permet d&rsquo;acc\u00e9l\u00e9rer, ralentir, freiner et s&rsquo;arr\u00eater \u00e0 l&rsquo;aide de la seule p\u00e9dale d&rsquo;acc\u00e9l\u00e9rateur. La berline compacte 100% \u00e9lectrique Nissan LEAF propose des solutions innovantes qui contribuent \u00e0 am\u00e9liorer la facilit\u00e9 et le plaisir de conduite, sans \u00e9mission \u00e0 l&rsquo;\u00e9chappement.<\/p>\n\n\n\n<p><strong><a href=\"https:\/\/www.nissan-couriant.fr\/gamme\/leaf-42\">D\u00e9couvrir la Nissan LEAF<\/a><\/strong><\/p>\n\n\n\n<h2 class=\"wp-block-heading\"><strong>Le e-NV200, l\u2019utilitaire \u00e9lectrique pour professionnels et particuliers<\/strong><\/h2>\n\n\n\n<p>Pionnier des fourgons 100% \u00e9lectriques de grande diffusion, le Nissan e-NV200 a conserv\u00e9 l&rsquo;esprit novateur de la LEAF, apportant les avantages de la mobilit\u00e9 z\u00e9ro \u00e9mission \u00e0 l&rsquo;\u00e9chappement aux entreprises, mais aussi aux particuliers gr\u00e2ce \u00e0 ses versions ludospace 5 &amp; 7 places.<\/p>\n\n\n\n<p><strong><a href=\"https:\/\/www.nissan-couriant.fr\/gamme\/e-nv200-fourgon-59\">D\u00e9couvrir le fourgon e-NV200<\/a><\/strong><\/p>\n\n\n\n<h2 class=\"wp-block-heading\"><strong>Nissan s\u2019engage en faveur de l&rsquo;\u00e9lectrification<\/strong><\/h2>\n\n\n\n<p>Nissan poursuit depuis plus de 10 ans un objectif de neutralit\u00e9 carbone, dans ce but, la marque a investi plus d&rsquo;un milliard d\u2019euros dans la cr\u00e9ation du premier hub industriel au monde enti\u00e8rement d\u00e9di\u00e9 \u00e0 la production de v\u00e9hicules \u00e9lectriques. Ce projet baptis\u00e9 \u00ab&nbsp;EV36Zero&nbsp;\u00bb, verra le jour \u00e0 Sunderland en Angleterre.<\/p>\n\n\n\n<p>Afin de r\u00e9pondre aux besoins des clients particuliers comme professionnels, Nissan \u00e9largit et fait \u00e9voluer r\u00e9guli\u00e8rement ses gammes 100% \u00e9lectriques avec par exemple le lancement annonc\u00e9 d\u2019un tout nouveau crossover 100% \u00e9lectrique.<\/p>\n","protected":false},"excerpt":{"rendered":"<p>En 2010, Nissan lan\u00e7ait sa premi\u00e8re voiture 100% \u00e9lectrique en Europe&nbsp;: la Nissan Leaf. Depuis lors la marque n\u2019a cess\u00e9 de travailler \u00e0 \u00e9largir sa gamme, notamment avec le tr\u00e8s&#8230;<\/p>\n","protected":false},"author":1101,"featured_media":24512,"comment_status":"open","ping_status":"closed","sticky":false,"template":"","format":"standard","meta":{"footnotes":""},"categories":[864,48],"tags":[],"class_list":["post-24511","post","type-post","status-publish","format-standard","has-post-thumbnail","hentry","category-actualites","category-leaf"],"yoast_head":"<!-- This site is optimized with the Yoast SEO plugin v24.4 - https:\/\/yoast.com\/wordpress\/plugins\/seo\/ -->\n<title>Nissan c\u00e9l\u00e8bre une d\u00e9cennie d\u2019innovation dans le domaine de \u00e9lectrique !<\/title>\n<meta name=\"description\" content=\"En 2010, Nissan lan\u00e7ait sa premi\u00e8re voiture 100% \u00e9lectrique en Europe. Depuis lors la marque n\u2019a cess\u00e9 de travailler \u00e0 \u00e9largir sa gamme\" \/>\n<meta name=\"robots\" content=\"index, follow, max-snippet:-1, max-image-preview:large, max-video-preview:-1\" \/>\n<link rel=\"canonical\" href=\"https:\/\/www.nissan-couriant.fr\/blog\/2021\/09\/07\/nissan-celebre-une-decennie-dinnovation-dans-le-domaine-de-la-mobilite-electrique\/\" \/>\n<meta property=\"og:locale\" content=\"fr_FR\" \/>\n<meta property=\"og:type\" content=\"article\" \/>\n<meta property=\"og:title\" content=\"Nissan c\u00e9l\u00e8bre une d\u00e9cennie d\u2019innovation dans le domaine de \u00e9lectrique !\" \/>\n<meta property=\"og:description\" content=\"En 2010, Nissan lan\u00e7ait sa premi\u00e8re voiture 100% \u00e9lectrique en Europe. Depuis lors la marque n\u2019a cess\u00e9 de travailler \u00e0 \u00e9largir sa gamme\" \/>\n<meta property=\"og:url\" content=\"https:\/\/www.nissan-couriant.fr\/blog\/2021\/09\/07\/nissan-celebre-une-decennie-dinnovation-dans-le-domaine-de-la-mobilite-electrique\/\" \/>\n<meta property=\"og:site_name\" content=\"Nissan Couriant Aix en Provence\" \/>\n<meta property=\"article:publisher\" content=\"https:\/\/www.facebook.com\/nissancouriant\" \/>\n<meta property=\"article:published_time\" content=\"2021-09-07T14:20:27+00:00\" \/>\n<meta property=\"article:modified_time\" content=\"2021-09-07T14:20:28+00:00\" \/>\n<meta property=\"og:image\" content=\"https:\/\/www.nissan-couriant.fr\/blog\/wp-content\/uploads\/2021\/09\/Nissan-Gamme-13.jpg\" \/>\n\t<meta property=\"og:image:width\" content=\"1400\" \/>\n\t<meta property=\"og:image:height\" content=\"539\" \/>\n\t<meta property=\"og:image:type\" content=\"image\/jpeg\" \/>\n<meta name=\"author\" content=\"Laura\" \/>\n<meta name=\"twitter:card\" content=\"summary_large_image\" \/>\n<meta name=\"twitter:creator\" content=\"@NissanCouriant\" \/>\n<meta name=\"twitter:site\" content=\"@NissanCouriant\" \/>\n<meta name=\"twitter:label1\" content=\"\u00c9crit par\" \/>\n\t<meta name=\"twitter:data1\" content=\"Laura\" \/>\n\t<meta name=\"twitter:label2\" content=\"Dur\u00e9e de lecture estim\u00e9e\" \/>\n\t<meta name=\"twitter:data2\" content=\"2 minutes\" \/>\n<script type=\"application\/ld+json\" class=\"yoast-schema-graph\">{\"@context\":\"https:\/\/schema.org\",\"@graph\":[{\"@type\":\"WebPage\",\"@id\":\"https:\/\/www.nissan-couriant.fr\/blog\/2021\/09\/07\/nissan-celebre-une-decennie-dinnovation-dans-le-domaine-de-la-mobilite-electrique\/\",\"url\":\"https:\/\/www.nissan-couriant.fr\/blog\/2021\/09\/07\/nissan-celebre-une-decennie-dinnovation-dans-le-domaine-de-la-mobilite-electrique\/\",\"name\":\"Nissan c\u00e9l\u00e8bre une d\u00e9cennie d\u2019innovation dans le domaine de \u00e9lectrique !\",\"isPartOf\":{\"@id\":\"https:\/\/www.nissan-couriant.fr\/blog\/#website\"},\"primaryImageOfPage\":{\"@id\":\"https:\/\/www.nissan-couriant.fr\/blog\/2021\/09\/07\/nissan-celebre-une-decennie-dinnovation-dans-le-domaine-de-la-mobilite-electrique\/#primaryimage\"},\"image\":{\"@id\":\"https:\/\/www.nissan-couriant.fr\/blog\/2021\/09\/07\/nissan-celebre-une-decennie-dinnovation-dans-le-domaine-de-la-mobilite-electrique\/#primaryimage\"},\"thumbnailUrl\":\"https:\/\/www.nissan-couriant.fr\/blog\/wp-content\/uploads\/2021\/09\/Nissan-Gamme-13.jpg\",\"datePublished\":\"2021-09-07T14:20:27+00:00\",\"dateModified\":\"2021-09-07T14:20:28+00:00\",\"author\":{\"@id\":\"https:\/\/www.nissan-couriant.fr\/blog\/#\/schema\/person\/41a03274ac74ba26549677c01c8c8f95\"},\"description\":\"En 2010, Nissan lan\u00e7ait sa premi\u00e8re voiture 100% \u00e9lectrique en Europe. Depuis lors la marque n\u2019a cess\u00e9 de travailler \u00e0 \u00e9largir sa gamme\",\"breadcrumb\":{\"@id\":\"https:\/\/www.nissan-couriant.fr\/blog\/2021\/09\/07\/nissan-celebre-une-decennie-dinnovation-dans-le-domaine-de-la-mobilite-electrique\/#breadcrumb\"},\"inLanguage\":\"fr-FR\",\"potentialAction\":[{\"@type\":\"ReadAction\",\"target\":[\"https:\/\/www.nissan-couriant.fr\/blog\/2021\/09\/07\/nissan-celebre-une-decennie-dinnovation-dans-le-domaine-de-la-mobilite-electrique\/\"]}]},{\"@type\":\"ImageObject\",\"inLanguage\":\"fr-FR\",\"@id\":\"https:\/\/www.nissan-couriant.fr\/blog\/2021\/09\/07\/nissan-celebre-une-decennie-dinnovation-dans-le-domaine-de-la-mobilite-electrique\/#primaryimage\",\"url\":\"https:\/\/www.nissan-couriant.fr\/blog\/wp-content\/uploads\/2021\/09\/Nissan-Gamme-13.jpg\",\"contentUrl\":\"https:\/\/www.nissan-couriant.fr\/blog\/wp-content\/uploads\/2021\/09\/Nissan-Gamme-13.jpg\",\"width\":1400,\"height\":539},{\"@type\":\"BreadcrumbList\",\"@id\":\"https:\/\/www.nissan-couriant.fr\/blog\/2021\/09\/07\/nissan-celebre-une-decennie-dinnovation-dans-le-domaine-de-la-mobilite-electrique\/#breadcrumb\",\"itemListElement\":[{\"@type\":\"ListItem\",\"position\":1,\"name\":\"Accueil\",\"item\":\"https:\/\/www.nissan-couriant.fr\/blog\/\"},{\"@type\":\"ListItem\",\"position\":2,\"name\":\"Nissan c\u00e9l\u00e8bre une d\u00e9cennie d\u2019innovation dans le domaine de la mobilit\u00e9 \u00e9lectrique !\"}]},{\"@type\":\"WebSite\",\"@id\":\"https:\/\/www.nissan-couriant.fr\/blog\/#website\",\"url\":\"https:\/\/www.nissan-couriant.fr\/blog\/\",\"name\":\"Nissan Couriant Aix en Provence\",\"description\":\"Distributeur Nissan \u00e0 Aix en Provence et Pays d&#039;Aix, v\u00e9hicules neufs et d&#039;occasion\",\"potentialAction\":[{\"@type\":\"SearchAction\",\"target\":{\"@type\":\"EntryPoint\",\"urlTemplate\":\"https:\/\/www.nissan-couriant.fr\/blog\/?s={search_term_string}\"},\"query-input\":{\"@type\":\"PropertyValueSpecification\",\"valueRequired\":true,\"valueName\":\"search_term_string\"}}],\"inLanguage\":\"fr-FR\"},{\"@type\":\"Person\",\"@id\":\"https:\/\/www.nissan-couriant.fr\/blog\/#\/schema\/person\/41a03274ac74ba26549677c01c8c8f95\",\"name\":\"Laura\",\"image\":{\"@type\":\"ImageObject\",\"inLanguage\":\"fr-FR\",\"@id\":\"https:\/\/www.nissan-couriant.fr\/blog\/#\/schema\/person\/image\/\",\"url\":\"https:\/\/secure.gravatar.com\/avatar\/efc9f8844553d88b37d54276fd17d9c7?s=96&d=mm&r=g\",\"contentUrl\":\"https:\/\/secure.gravatar.com\/avatar\/efc9f8844553d88b37d54276fd17d9c7?s=96&d=mm&r=g\",\"caption\":\"Laura\"},\"url\":\"https:\/\/www.nissan-couriant.fr\/blog\/author\/laura\/\"}]}<\/script>\n<!-- \/ Yoast SEO plugin. -->","yoast_head_json":{"title":"Nissan c\u00e9l\u00e8bre une d\u00e9cennie d\u2019innovation dans le domaine de \u00e9lectrique !","description":"En 2010, Nissan lan\u00e7ait sa premi\u00e8re voiture 100% \u00e9lectrique en Europe. Depuis lors la marque n\u2019a cess\u00e9 de travailler \u00e0 \u00e9largir sa gamme","robots":{"index":"index","follow":"follow","max-snippet":"max-snippet:-1","max-image-preview":"max-image-preview:large","max-video-preview":"max-video-preview:-1"},"canonical":"https:\/\/www.nissan-couriant.fr\/blog\/2021\/09\/07\/nissan-celebre-une-decennie-dinnovation-dans-le-domaine-de-la-mobilite-electrique\/","og_locale":"fr_FR","og_type":"article","og_title":"Nissan c\u00e9l\u00e8bre une d\u00e9cennie d\u2019innovation dans le domaine de \u00e9lectrique !","og_description":"En 2010, Nissan lan\u00e7ait sa premi\u00e8re voiture 100% \u00e9lectrique en Europe. Depuis lors la marque n\u2019a cess\u00e9 de travailler \u00e0 \u00e9largir sa gamme","og_url":"https:\/\/www.nissan-couriant.fr\/blog\/2021\/09\/07\/nissan-celebre-une-decennie-dinnovation-dans-le-domaine-de-la-mobilite-electrique\/","og_site_name":"Nissan Couriant Aix en Provence","article_publisher":"https:\/\/www.facebook.com\/nissancouriant","article_published_time":"2021-09-07T14:20:27+00:00","article_modified_time":"2021-09-07T14:20:28+00:00","og_image":[{"width":1400,"height":539,"url":"https:\/\/www.nissan-couriant.fr\/blog\/wp-content\/uploads\/2021\/09\/Nissan-Gamme-13.jpg","type":"image\/jpeg"}],"author":"Laura","twitter_card":"summary_large_image","twitter_creator":"@NissanCouriant","twitter_site":"@NissanCouriant","twitter_misc":{"\u00c9crit par":"Laura","Dur\u00e9e de lecture estim\u00e9e":"2 minutes"},"schema":{"@context":"https:\/\/schema.org","@graph":[{"@type":"WebPage","@id":"https:\/\/www.nissan-couriant.fr\/blog\/2021\/09\/07\/nissan-celebre-une-decennie-dinnovation-dans-le-domaine-de-la-mobilite-electrique\/","url":"https:\/\/www.nissan-couriant.fr\/blog\/2021\/09\/07\/nissan-celebre-une-decennie-dinnovation-dans-le-domaine-de-la-mobilite-electrique\/","name":"Nissan c\u00e9l\u00e8bre une d\u00e9cennie d\u2019innovation dans le domaine de \u00e9lectrique !","isPartOf":{"@id":"https:\/\/www.nissan-couriant.fr\/blog\/#website"},"primaryImageOfPage":{"@id":"https:\/\/www.nissan-couriant.fr\/blog\/2021\/09\/07\/nissan-celebre-une-decennie-dinnovation-dans-le-domaine-de-la-mobilite-electrique\/#primaryimage"},"image":{"@id":"https:\/\/www.nissan-couriant.fr\/blog\/2021\/09\/07\/nissan-celebre-une-decennie-dinnovation-dans-le-domaine-de-la-mobilite-electrique\/#primaryimage"},"thumbnailUrl":"https:\/\/www.nissan-couriant.fr\/blog\/wp-content\/uploads\/2021\/09\/Nissan-Gamme-13.jpg","datePublished":"2021-09-07T14:20:27+00:00","dateModified":"2021-09-07T14:20:28+00:00","author":{"@id":"https:\/\/www.nissan-couriant.fr\/blog\/#\/schema\/person\/41a03274ac74ba26549677c01c8c8f95"},"description":"En 2010, Nissan lan\u00e7ait sa premi\u00e8re voiture 100% \u00e9lectrique en Europe. Depuis lors la marque n\u2019a cess\u00e9 de travailler \u00e0 \u00e9largir sa gamme","breadcrumb":{"@id":"https:\/\/www.nissan-couriant.fr\/blog\/2021\/09\/07\/nissan-celebre-une-decennie-dinnovation-dans-le-domaine-de-la-mobilite-electrique\/#breadcrumb"},"inLanguage":"fr-FR","potentialAction":[{"@type":"ReadAction","target":["https:\/\/www.nissan-couriant.fr\/blog\/2021\/09\/07\/nissan-celebre-une-decennie-dinnovation-dans-le-domaine-de-la-mobilite-electrique\/"]}]},{"@type":"ImageObject","inLanguage":"fr-FR","@id":"https:\/\/www.nissan-couriant.fr\/blog\/2021\/09\/07\/nissan-celebre-une-decennie-dinnovation-dans-le-domaine-de-la-mobilite-electrique\/#primaryimage","url":"https:\/\/www.nissan-couriant.fr\/blog\/wp-content\/uploads\/2021\/09\/Nissan-Gamme-13.jpg","contentUrl":"https:\/\/www.nissan-couriant.fr\/blog\/wp-content\/uploads\/2021\/09\/Nissan-Gamme-13.jpg","width":1400,"height":539},{"@type":"BreadcrumbList","@id":"https:\/\/www.nissan-couriant.fr\/blog\/2021\/09\/07\/nissan-celebre-une-decennie-dinnovation-dans-le-domaine-de-la-mobilite-electrique\/#breadcrumb","itemListElement":[{"@type":"ListItem","position":1,"name":"Accueil","item":"https:\/\/www.nissan-couriant.fr\/blog\/"},{"@type":"ListItem","position":2,"name":"Nissan c\u00e9l\u00e8bre une d\u00e9cennie d\u2019innovation dans le domaine de la mobilit\u00e9 \u00e9lectrique !"}]},{"@type":"WebSite","@id":"https:\/\/www.nissan-couriant.fr\/blog\/#website","url":"https:\/\/www.nissan-couriant.fr\/blog\/","name":"Nissan Couriant Aix en Provence","description":"Distributeur Nissan \u00e0 Aix en Provence et Pays d&#039;Aix, v\u00e9hicules neufs et d&#039;occasion","potentialAction":[{"@type":"SearchAction","target":{"@type":"EntryPoint","urlTemplate":"https:\/\/www.nissan-couriant.fr\/blog\/?s={search_term_string}"},"query-input":{"@type":"PropertyValueSpecification","valueRequired":true,"valueName":"search_term_string"}}],"inLanguage":"fr-FR"},{"@type":"Person","@id":"https:\/\/www.nissan-couriant.fr\/blog\/#\/schema\/person\/41a03274ac74ba26549677c01c8c8f95","name":"Laura","image":{"@type":"ImageObject","inLanguage":"fr-FR","@id":"https:\/\/www.nissan-couriant.fr\/blog\/#\/schema\/person\/image\/","url":"https:\/\/secure.gravatar.com\/avatar\/efc9f8844553d88b37d54276fd17d9c7?s=96&d=mm&r=g","contentUrl":"https:\/\/secure.gravatar.com\/avatar\/efc9f8844553d88b37d54276fd17d9c7?s=96&d=mm&r=g","caption":"Laura"},"url":"https:\/\/www.nissan-couriant.fr\/blog\/author\/laura\/"}]}},"publishpress_future_action":{"enabled":false,"date":"2026-09-13 15:34:49","action":"change-status","newStatus":"draft","terms":[],"taxonomy":"category"},"publishpress_future_workflow_manual_trigger":{"enabledWorkflows":[]},"_links":{"self":[{"href":"https:\/\/www.nissan-couriant.fr\/blog\/wp-json\/wp\/v2\/posts\/24511","targetHints":{"allow":["GET"]}}],"collection":[{"href":"https:\/\/www.nissan-couriant.fr\/blog\/wp-json\/wp\/v2\/posts"}],"about":[{"href":"https:\/\/www.nissan-couriant.fr\/blog\/wp-json\/wp\/v2\/types\/post"}],"author":[{"embeddable":true,"href":"https:\/\/www.nissan-couriant.fr\/blog\/wp-json\/wp\/v2\/users\/1101"}],"replies":[{"embeddable":true,"href":"https:\/\/www.nissan-couriant.fr\/blog\/wp-json\/wp\/v2\/comments?post=24511"}],"version-history":[{"count":1,"href":"https:\/\/www.nissan-couriant.fr\/blog\/wp-json\/wp\/v2\/posts\/24511\/revisions"}],"predecessor-version":[{"id":24513,"href":"https:\/\/www.nissan-couriant.fr\/blog\/wp-json\/wp\/v2\/posts\/24511\/revisions\/24513"}],"wp:featuredmedia":[{"embeddable":true,"href":"https:\/\/www.nissan-couriant.fr\/blog\/wp-json\/wp\/v2\/media\/24512"}],"wp:attachment":[{"href":"https:\/\/www.nissan-couriant.fr\/blog\/wp-json\/wp\/v2\/media?parent=24511"}],"wp:term":[{"taxonomy":"category","embeddable":true,"href":"https:\/\/www.nissan-couriant.fr\/blog\/wp-json\/wp\/v2\/categories?post=24511"},{"taxonomy":"post_tag","embeddable":true,"href":"https:\/\/www.nissan-couriant.fr\/blog\/wp-json\/wp\/v2\/tags?post=24511"}],"curies":[{"name":"wp","href":"https:\/\/api.w.org\/{rel}","templated":true}]}}