{"id":24602,"date":"2021-10-06T17:02:36","date_gmt":"2021-10-06T16:02:36","guid":{"rendered":"https:\/\/www.nissan-couriant.fr\/blog\/?p=24602"},"modified":"2021-12-10T09:53:56","modified_gmt":"2021-12-10T08:53:56","slug":"la-societe-provence-cafes-services-fait-le-choix-dun-vehicule-electrique-pour-ses-livraisons","status":"publish","type":"post","link":"https:\/\/www.nissan-couriant.fr\/blog\/2021\/10\/06\/la-societe-provence-cafes-services-fait-le-choix-dun-vehicule-electrique-pour-ses-livraisons\/","title":{"rendered":"La soci\u00e9t\u00e9 Provence Caf\u00e9s Services fait le choix d&rsquo;un v\u00e9hicule \u00e9lectrique pour ses livraisons !"},"content":{"rendered":"\n<p>Oui l\u2019\u00e9lectrique ce n\u2019est pas que pour les particuliers&nbsp;! La preuve avec Patrick Peillon cr\u00e9ateur de la soci\u00e9t\u00e9 Provence Caf\u00e9s Services. Patrick, comme beaucoup d\u2019entre nous, est concern\u00e9 par l\u2019avenir de notre plan\u00e8te et a fait le choix d\u2019un v\u00e9hicule z\u00e9ro \u00e9missions de CO2 \u00e0 l\u2019utilisation pour mener \u00e0 bien son activit\u00e9.<\/p>\n\n\n\n<h2 class=\"wp-block-heading\">Une d\u00e9marche \u00e9co-responsable<\/h2>\n\n\n\n<p>La soci\u00e9t\u00e9 Provence Caf\u00e9s Services commercialise du caf\u00e9 de la marque Litha, met \u00e0 disposition des machines \u00e0 caf\u00e9 et offre un service de maintenance sur ces machines le tout \u00e0 destination des entreprises du bassin aixois et marseillais.<\/p>\n\n\n\n<p>En cr\u00e9ant son entreprise il y moins d\u2019un an, Mr Peillon avait pour objectif de proposer une offre de caf\u00e9 \u00e9coresponsable. En effet, la marque Litha propose des capsules et dosettes 100% biod\u00e9gradables. Afin d\u2019\u00eatre dans la continuit\u00e9 de la d\u00e9marche des produits qu\u2019il distribue, Patrick a fait le choix d\u2019utiliser un v\u00e9hicule \u00e9lectrique pour effectuer ses tourn\u00e9es.<\/p>\n\n\n\n<h2 class=\"wp-block-heading\">Pourquoi le choix du e-nv200&nbsp;?<\/h2>\n\n\n\n<p>L\u2019achat d\u2019un v\u00e9hicule se r\u00e9fl\u00e9chi, que l\u2019on soit particulier ou professionnel. Apr\u00e8s avoir \u00e9tudi\u00e9 le march\u00e9 et les diff\u00e9rentes typologies d\u2019utilitaires 100% \u00e9lectrique disponibles, Patrick s\u2019est tourn\u00e9 vers le Nissan e-NV200.<\/p>\n\n\n\n<p>Le e-NV200 correspondait parfaitement \u00e0 ses attentes en tant que professionnel, ni trop petit, ni trop gros, une espace de chargement ergonomique et une utilisation adapt\u00e9e en zone urbaine.<\/p>\n\n\n\n<p><strong>Facile et confortable \u00e0 conduire au quotidien, le e-nv200 tiens ses promesses&nbsp;!<\/strong> Achet\u00e9 en mars, Patrick a d\u00e9j\u00e0 parcouru plus de 15 000 kilom\u00e8tres \u00e0 bord de son utilitaire et en est toujours aussi satisfait&nbsp;!<\/p>\n\n\n\n<h2 class=\"wp-block-heading\">Qu\u2019est ce qui a fait la diff\u00e9rence&nbsp;?<\/h2>\n\n\n\n<p><strong>\u00ab&nbsp;Le e-nv200 est un excellent rapport qualit\u00e9 \u2013 prix parmi les utilitaires \u00e9lectriques&nbsp;\u00bb selon Patrick. <\/strong>L\u2019utilitaire 100% \u00e9lectrique de Nissan est id\u00e9al pour tous les professionnels qui comme Patrick ont besoin d\u2019un utilitaire de taille mod\u00e9r\u00e9e pour des d\u00e9placements fr\u00e9quents de courte et moyenne distance.<\/p>\n\n\n\n<p>Hormis le v\u00e9hicule, il y a aussi la concession&nbsp;! Mr Peillon remercie notre commercial Maxime qui lui a r\u00e9serv\u00e9 un accueil chaleureux et a su le conseiller dans son achat.<\/p>\n\n\n\n<p>Vous aussi tent\u00e9 par l\u2019aventure \u00e9lectrique&nbsp;? <strong><a href=\"https:\/\/www.nissan-couriant.fr\/gamme\/e-nv200-fourgon-59\">D\u00e9couvrez le e-nv200 fourgon<\/a><\/strong>.<\/p>\n\n\n\n<figure class=\"wp-block-image size-large\"><img fetchpriority=\"high\" decoding=\"async\" width=\"1000\" height=\"565\" src=\"https:\/\/www.nissan-couriant.fr\/blog\/wp-content\/uploads\/2021\/10\/DSC_0031.jpg\" alt=\"nissan e-nv200 entreprise litho\" class=\"wp-image-24606 colorbox-24602\" srcset=\"https:\/\/www.nissan-couriant.fr\/blog\/wp-content\/uploads\/2021\/10\/DSC_0031.jpg 1000w, https:\/\/www.nissan-couriant.fr\/blog\/wp-content\/uploads\/2021\/10\/DSC_0031-645x364.jpg 645w, https:\/\/www.nissan-couriant.fr\/blog\/wp-content\/uploads\/2021\/10\/DSC_0031-768x434.jpg 768w\" sizes=\"(max-width: 1000px) 100vw, 1000px\" \/><\/figure>\n\n\n\n<figure class=\"wp-block-image size-large\"><img decoding=\"async\" width=\"1000\" height=\"563\" src=\"https:\/\/www.nissan-couriant.fr\/blog\/wp-content\/uploads\/2021\/10\/DSC_0024.jpg\" alt=\"nissan e-nv200 entreprise litho\" class=\"wp-image-24605 colorbox-24602\" srcset=\"https:\/\/www.nissan-couriant.fr\/blog\/wp-content\/uploads\/2021\/10\/DSC_0024.jpg 1000w, https:\/\/www.nissan-couriant.fr\/blog\/wp-content\/uploads\/2021\/10\/DSC_0024-645x363.jpg 645w, https:\/\/www.nissan-couriant.fr\/blog\/wp-content\/uploads\/2021\/10\/DSC_0024-768x432.jpg 768w\" sizes=\"(max-width: 1000px) 100vw, 1000px\" \/><\/figure>\n\n\n\n<figure class=\"wp-block-image size-large\"><img decoding=\"async\" width=\"1000\" height=\"563\" src=\"https:\/\/www.nissan-couriant.fr\/blog\/wp-content\/uploads\/2021\/10\/DSC_0035.jpg\" alt=\"nissan e-nv200 entreprise litho\" class=\"wp-image-24603 colorbox-24602\" srcset=\"https:\/\/www.nissan-couriant.fr\/blog\/wp-content\/uploads\/2021\/10\/DSC_0035.jpg 1000w, https:\/\/www.nissan-couriant.fr\/blog\/wp-content\/uploads\/2021\/10\/DSC_0035-645x363.jpg 645w, https:\/\/www.nissan-couriant.fr\/blog\/wp-content\/uploads\/2021\/10\/DSC_0035-768x432.jpg 768w\" sizes=\"(max-width: 1000px) 100vw, 1000px\" \/><\/figure>\n","protected":false},"excerpt":{"rendered":"<p>Oui l\u2019\u00e9lectrique ce n\u2019est pas que pour les particuliers&nbsp;! La preuve avec Patrick Peillon cr\u00e9ateur de la soci\u00e9t\u00e9 Provence Caf\u00e9s Services. Patrick, comme beaucoup d\u2019entre nous, est concern\u00e9 par l\u2019avenir&#8230;<\/p>\n","protected":false},"author":1101,"featured_media":24604,"comment_status":"open","ping_status":"closed","sticky":false,"template":"","format":"standard","meta":{"footnotes":""},"categories":[1],"tags":[],"class_list":["post-24602","post","type-post","status-publish","format-standard","has-post-thumbnail","hentry","category-non-classe"],"yoast_head":"<!-- This site is optimized with the Yoast SEO plugin v24.4 - https:\/\/yoast.com\/wordpress\/plugins\/seo\/ -->\n<title>Provence Caf\u00e9s Services fait le choix d&#039;un v\u00e9hicule \u00e9lectrique !<\/title>\n<meta name=\"description\" content=\"La soci\u00e9t\u00e9 Provence Caf\u00e9s Services a fait le choix d\u2019un v\u00e9hicule z\u00e9ro \u00e9missions de CO2 \u00e0 l\u2019utilisation pour mener \u00e0 bien son activit\u00e9.\" \/>\n<meta name=\"robots\" content=\"index, follow, max-snippet:-1, max-image-preview:large, max-video-preview:-1\" \/>\n<link rel=\"canonical\" href=\"https:\/\/www.nissan-couriant.fr\/blog\/2021\/10\/06\/la-societe-provence-cafes-services-fait-le-choix-dun-vehicule-electrique-pour-ses-livraisons\/\" \/>\n<meta property=\"og:locale\" content=\"fr_FR\" \/>\n<meta property=\"og:type\" content=\"article\" \/>\n<meta property=\"og:title\" content=\"Provence Caf\u00e9s Services fait le choix d&#039;un v\u00e9hicule \u00e9lectrique !\" \/>\n<meta property=\"og:description\" content=\"La soci\u00e9t\u00e9 Provence Caf\u00e9s Services a fait le choix d\u2019un v\u00e9hicule z\u00e9ro \u00e9missions de CO2 \u00e0 l\u2019utilisation pour mener \u00e0 bien son activit\u00e9.\" \/>\n<meta property=\"og:url\" content=\"https:\/\/www.nissan-couriant.fr\/blog\/2021\/10\/06\/la-societe-provence-cafes-services-fait-le-choix-dun-vehicule-electrique-pour-ses-livraisons\/\" \/>\n<meta property=\"og:site_name\" content=\"Nissan Couriant Aix en Provence\" \/>\n<meta property=\"article:publisher\" content=\"https:\/\/www.facebook.com\/nissancouriant\" \/>\n<meta property=\"article:published_time\" content=\"2021-10-06T16:02:36+00:00\" \/>\n<meta property=\"article:modified_time\" content=\"2021-12-10T08:53:56+00:00\" \/>\n<meta property=\"og:image\" content=\"https:\/\/www.nissan-couriant.fr\/blog\/wp-content\/uploads\/2021\/10\/DSC_0036.jpg\" \/>\n\t<meta property=\"og:image:width\" content=\"1400\" \/>\n\t<meta property=\"og:image:height\" content=\"540\" \/>\n\t<meta property=\"og:image:type\" content=\"image\/jpeg\" \/>\n<meta name=\"author\" content=\"Laura\" \/>\n<meta name=\"twitter:card\" content=\"summary_large_image\" \/>\n<meta name=\"twitter:creator\" content=\"@NissanCouriant\" \/>\n<meta name=\"twitter:site\" content=\"@NissanCouriant\" \/>\n<meta name=\"twitter:label1\" content=\"\u00c9crit par\" \/>\n\t<meta name=\"twitter:data1\" content=\"Laura\" \/>\n\t<meta name=\"twitter:label2\" content=\"Dur\u00e9e de lecture estim\u00e9e\" \/>\n\t<meta name=\"twitter:data2\" content=\"3 minutes\" \/>\n<script type=\"application\/ld+json\" class=\"yoast-schema-graph\">{\"@context\":\"https:\/\/schema.org\",\"@graph\":[{\"@type\":\"WebPage\",\"@id\":\"https:\/\/www.nissan-couriant.fr\/blog\/2021\/10\/06\/la-societe-provence-cafes-services-fait-le-choix-dun-vehicule-electrique-pour-ses-livraisons\/\",\"url\":\"https:\/\/www.nissan-couriant.fr\/blog\/2021\/10\/06\/la-societe-provence-cafes-services-fait-le-choix-dun-vehicule-electrique-pour-ses-livraisons\/\",\"name\":\"Provence Caf\u00e9s Services fait le choix d'un v\u00e9hicule \u00e9lectrique !\",\"isPartOf\":{\"@id\":\"https:\/\/www.nissan-couriant.fr\/blog\/#website\"},\"primaryImageOfPage\":{\"@id\":\"https:\/\/www.nissan-couriant.fr\/blog\/2021\/10\/06\/la-societe-provence-cafes-services-fait-le-choix-dun-vehicule-electrique-pour-ses-livraisons\/#primaryimage\"},\"image\":{\"@id\":\"https:\/\/www.nissan-couriant.fr\/blog\/2021\/10\/06\/la-societe-provence-cafes-services-fait-le-choix-dun-vehicule-electrique-pour-ses-livraisons\/#primaryimage\"},\"thumbnailUrl\":\"https:\/\/www.nissan-couriant.fr\/blog\/wp-content\/uploads\/2021\/10\/DSC_0036.jpg\",\"datePublished\":\"2021-10-06T16:02:36+00:00\",\"dateModified\":\"2021-12-10T08:53:56+00:00\",\"author\":{\"@id\":\"https:\/\/www.nissan-couriant.fr\/blog\/#\/schema\/person\/41a03274ac74ba26549677c01c8c8f95\"},\"description\":\"La soci\u00e9t\u00e9 Provence Caf\u00e9s Services a fait le choix d\u2019un v\u00e9hicule z\u00e9ro \u00e9missions de CO2 \u00e0 l\u2019utilisation pour mener \u00e0 bien son activit\u00e9.\",\"breadcrumb\":{\"@id\":\"https:\/\/www.nissan-couriant.fr\/blog\/2021\/10\/06\/la-societe-provence-cafes-services-fait-le-choix-dun-vehicule-electrique-pour-ses-livraisons\/#breadcrumb\"},\"inLanguage\":\"fr-FR\",\"potentialAction\":[{\"@type\":\"ReadAction\",\"target\":[\"https:\/\/www.nissan-couriant.fr\/blog\/2021\/10\/06\/la-societe-provence-cafes-services-fait-le-choix-dun-vehicule-electrique-pour-ses-livraisons\/\"]}]},{\"@type\":\"ImageObject\",\"inLanguage\":\"fr-FR\",\"@id\":\"https:\/\/www.nissan-couriant.fr\/blog\/2021\/10\/06\/la-societe-provence-cafes-services-fait-le-choix-dun-vehicule-electrique-pour-ses-livraisons\/#primaryimage\",\"url\":\"https:\/\/www.nissan-couriant.fr\/blog\/wp-content\/uploads\/2021\/10\/DSC_0036.jpg\",\"contentUrl\":\"https:\/\/www.nissan-couriant.fr\/blog\/wp-content\/uploads\/2021\/10\/DSC_0036.jpg\",\"width\":1400,\"height\":540,\"caption\":\"nissan e-nv200 entreprise litho\"},{\"@type\":\"BreadcrumbList\",\"@id\":\"https:\/\/www.nissan-couriant.fr\/blog\/2021\/10\/06\/la-societe-provence-cafes-services-fait-le-choix-dun-vehicule-electrique-pour-ses-livraisons\/#breadcrumb\",\"itemListElement\":[{\"@type\":\"ListItem\",\"position\":1,\"name\":\"Accueil\",\"item\":\"https:\/\/www.nissan-couriant.fr\/blog\/\"},{\"@type\":\"ListItem\",\"position\":2,\"name\":\"La soci\u00e9t\u00e9 Provence Caf\u00e9s Services fait le choix d&rsquo;un v\u00e9hicule \u00e9lectrique pour ses livraisons !\"}]},{\"@type\":\"WebSite\",\"@id\":\"https:\/\/www.nissan-couriant.fr\/blog\/#website\",\"url\":\"https:\/\/www.nissan-couriant.fr\/blog\/\",\"name\":\"Nissan Couriant Aix en Provence\",\"description\":\"Distributeur Nissan \u00e0 Aix en Provence et Pays d&#039;Aix, v\u00e9hicules neufs et d&#039;occasion\",\"potentialAction\":[{\"@type\":\"SearchAction\",\"target\":{\"@type\":\"EntryPoint\",\"urlTemplate\":\"https:\/\/www.nissan-couriant.fr\/blog\/?s={search_term_string}\"},\"query-input\":{\"@type\":\"PropertyValueSpecification\",\"valueRequired\":true,\"valueName\":\"search_term_string\"}}],\"inLanguage\":\"fr-FR\"},{\"@type\":\"Person\",\"@id\":\"https:\/\/www.nissan-couriant.fr\/blog\/#\/schema\/person\/41a03274ac74ba26549677c01c8c8f95\",\"name\":\"Laura\",\"image\":{\"@type\":\"ImageObject\",\"inLanguage\":\"fr-FR\",\"@id\":\"https:\/\/www.nissan-couriant.fr\/blog\/#\/schema\/person\/image\/\",\"url\":\"https:\/\/secure.gravatar.com\/avatar\/efc9f8844553d88b37d54276fd17d9c7?s=96&d=mm&r=g\",\"contentUrl\":\"https:\/\/secure.gravatar.com\/avatar\/efc9f8844553d88b37d54276fd17d9c7?s=96&d=mm&r=g\",\"caption\":\"Laura\"},\"url\":\"https:\/\/www.nissan-couriant.fr\/blog\/author\/laura\/\"}]}<\/script>\n<!-- \/ Yoast SEO plugin. -->","yoast_head_json":{"title":"Provence Caf\u00e9s Services fait le choix d'un v\u00e9hicule \u00e9lectrique !","description":"La soci\u00e9t\u00e9 Provence Caf\u00e9s Services a fait le choix d\u2019un v\u00e9hicule z\u00e9ro \u00e9missions de CO2 \u00e0 l\u2019utilisation pour mener \u00e0 bien son activit\u00e9.","robots":{"index":"index","follow":"follow","max-snippet":"max-snippet:-1","max-image-preview":"max-image-preview:large","max-video-preview":"max-video-preview:-1"},"canonical":"https:\/\/www.nissan-couriant.fr\/blog\/2021\/10\/06\/la-societe-provence-cafes-services-fait-le-choix-dun-vehicule-electrique-pour-ses-livraisons\/","og_locale":"fr_FR","og_type":"article","og_title":"Provence Caf\u00e9s Services fait le choix d'un v\u00e9hicule \u00e9lectrique !","og_description":"La soci\u00e9t\u00e9 Provence Caf\u00e9s Services a fait le choix d\u2019un v\u00e9hicule z\u00e9ro \u00e9missions de CO2 \u00e0 l\u2019utilisation pour mener \u00e0 bien son activit\u00e9.","og_url":"https:\/\/www.nissan-couriant.fr\/blog\/2021\/10\/06\/la-societe-provence-cafes-services-fait-le-choix-dun-vehicule-electrique-pour-ses-livraisons\/","og_site_name":"Nissan Couriant Aix en Provence","article_publisher":"https:\/\/www.facebook.com\/nissancouriant","article_published_time":"2021-10-06T16:02:36+00:00","article_modified_time":"2021-12-10T08:53:56+00:00","og_image":[{"width":1400,"height":540,"url":"https:\/\/www.nissan-couriant.fr\/blog\/wp-content\/uploads\/2021\/10\/DSC_0036.jpg","type":"image\/jpeg"}],"author":"Laura","twitter_card":"summary_large_image","twitter_creator":"@NissanCouriant","twitter_site":"@NissanCouriant","twitter_misc":{"\u00c9crit par":"Laura","Dur\u00e9e de lecture estim\u00e9e":"3 minutes"},"schema":{"@context":"https:\/\/schema.org","@graph":[{"@type":"WebPage","@id":"https:\/\/www.nissan-couriant.fr\/blog\/2021\/10\/06\/la-societe-provence-cafes-services-fait-le-choix-dun-vehicule-electrique-pour-ses-livraisons\/","url":"https:\/\/www.nissan-couriant.fr\/blog\/2021\/10\/06\/la-societe-provence-cafes-services-fait-le-choix-dun-vehicule-electrique-pour-ses-livraisons\/","name":"Provence Caf\u00e9s Services fait le choix d'un v\u00e9hicule \u00e9lectrique !","isPartOf":{"@id":"https:\/\/www.nissan-couriant.fr\/blog\/#website"},"primaryImageOfPage":{"@id":"https:\/\/www.nissan-couriant.fr\/blog\/2021\/10\/06\/la-societe-provence-cafes-services-fait-le-choix-dun-vehicule-electrique-pour-ses-livraisons\/#primaryimage"},"image":{"@id":"https:\/\/www.nissan-couriant.fr\/blog\/2021\/10\/06\/la-societe-provence-cafes-services-fait-le-choix-dun-vehicule-electrique-pour-ses-livraisons\/#primaryimage"},"thumbnailUrl":"https:\/\/www.nissan-couriant.fr\/blog\/wp-content\/uploads\/2021\/10\/DSC_0036.jpg","datePublished":"2021-10-06T16:02:36+00:00","dateModified":"2021-12-10T08:53:56+00:00","author":{"@id":"https:\/\/www.nissan-couriant.fr\/blog\/#\/schema\/person\/41a03274ac74ba26549677c01c8c8f95"},"description":"La soci\u00e9t\u00e9 Provence Caf\u00e9s Services a fait le choix d\u2019un v\u00e9hicule z\u00e9ro \u00e9missions de CO2 \u00e0 l\u2019utilisation pour mener \u00e0 bien son activit\u00e9.","breadcrumb":{"@id":"https:\/\/www.nissan-couriant.fr\/blog\/2021\/10\/06\/la-societe-provence-cafes-services-fait-le-choix-dun-vehicule-electrique-pour-ses-livraisons\/#breadcrumb"},"inLanguage":"fr-FR","potentialAction":[{"@type":"ReadAction","target":["https:\/\/www.nissan-couriant.fr\/blog\/2021\/10\/06\/la-societe-provence-cafes-services-fait-le-choix-dun-vehicule-electrique-pour-ses-livraisons\/"]}]},{"@type":"ImageObject","inLanguage":"fr-FR","@id":"https:\/\/www.nissan-couriant.fr\/blog\/2021\/10\/06\/la-societe-provence-cafes-services-fait-le-choix-dun-vehicule-electrique-pour-ses-livraisons\/#primaryimage","url":"https:\/\/www.nissan-couriant.fr\/blog\/wp-content\/uploads\/2021\/10\/DSC_0036.jpg","contentUrl":"https:\/\/www.nissan-couriant.fr\/blog\/wp-content\/uploads\/2021\/10\/DSC_0036.jpg","width":1400,"height":540,"caption":"nissan e-nv200 entreprise litho"},{"@type":"BreadcrumbList","@id":"https:\/\/www.nissan-couriant.fr\/blog\/2021\/10\/06\/la-societe-provence-cafes-services-fait-le-choix-dun-vehicule-electrique-pour-ses-livraisons\/#breadcrumb","itemListElement":[{"@type":"ListItem","position":1,"name":"Accueil","item":"https:\/\/www.nissan-couriant.fr\/blog\/"},{"@type":"ListItem","position":2,"name":"La soci\u00e9t\u00e9 Provence Caf\u00e9s Services fait le choix d&rsquo;un v\u00e9hicule \u00e9lectrique pour ses livraisons !"}]},{"@type":"WebSite","@id":"https:\/\/www.nissan-couriant.fr\/blog\/#website","url":"https:\/\/www.nissan-couriant.fr\/blog\/","name":"Nissan Couriant Aix en Provence","description":"Distributeur Nissan \u00e0 Aix en Provence et Pays d&#039;Aix, v\u00e9hicules neufs et d&#039;occasion","potentialAction":[{"@type":"SearchAction","target":{"@type":"EntryPoint","urlTemplate":"https:\/\/www.nissan-couriant.fr\/blog\/?s={search_term_string}"},"query-input":{"@type":"PropertyValueSpecification","valueRequired":true,"valueName":"search_term_string"}}],"inLanguage":"fr-FR"},{"@type":"Person","@id":"https:\/\/www.nissan-couriant.fr\/blog\/#\/schema\/person\/41a03274ac74ba26549677c01c8c8f95","name":"Laura","image":{"@type":"ImageObject","inLanguage":"fr-FR","@id":"https:\/\/www.nissan-couriant.fr\/blog\/#\/schema\/person\/image\/","url":"https:\/\/secure.gravatar.com\/avatar\/efc9f8844553d88b37d54276fd17d9c7?s=96&d=mm&r=g","contentUrl":"https:\/\/secure.gravatar.com\/avatar\/efc9f8844553d88b37d54276fd17d9c7?s=96&d=mm&r=g","caption":"Laura"},"url":"https:\/\/www.nissan-couriant.fr\/blog\/author\/laura\/"}]}},"publishpress_future_action":{"enabled":false,"date":"2026-09-13 14:48:03","action":"change-status","newStatus":"draft","terms":[],"taxonomy":"category"},"publishpress_future_workflow_manual_trigger":{"enabledWorkflows":[]},"_links":{"self":[{"href":"https:\/\/www.nissan-couriant.fr\/blog\/wp-json\/wp\/v2\/posts\/24602","targetHints":{"allow":["GET"]}}],"collection":[{"href":"https:\/\/www.nissan-couriant.fr\/blog\/wp-json\/wp\/v2\/posts"}],"about":[{"href":"https:\/\/www.nissan-couriant.fr\/blog\/wp-json\/wp\/v2\/types\/post"}],"author":[{"embeddable":true,"href":"https:\/\/www.nissan-couriant.fr\/blog\/wp-json\/wp\/v2\/users\/1101"}],"replies":[{"embeddable":true,"href":"https:\/\/www.nissan-couriant.fr\/blog\/wp-json\/wp\/v2\/comments?post=24602"}],"version-history":[{"count":3,"href":"https:\/\/www.nissan-couriant.fr\/blog\/wp-json\/wp\/v2\/posts\/24602\/revisions"}],"predecessor-version":[{"id":24609,"href":"https:\/\/www.nissan-couriant.fr\/blog\/wp-json\/wp\/v2\/posts\/24602\/revisions\/24609"}],"wp:featuredmedia":[{"embeddable":true,"href":"https:\/\/www.nissan-couriant.fr\/blog\/wp-json\/wp\/v2\/media\/24604"}],"wp:attachment":[{"href":"https:\/\/www.nissan-couriant.fr\/blog\/wp-json\/wp\/v2\/media?parent=24602"}],"wp:term":[{"taxonomy":"category","embeddable":true,"href":"https:\/\/www.nissan-couriant.fr\/blog\/wp-json\/wp\/v2\/categories?post=24602"},{"taxonomy":"post_tag","embeddable":true,"href":"https:\/\/www.nissan-couriant.fr\/blog\/wp-json\/wp\/v2\/tags?post=24602"}],"curies":[{"name":"wp","href":"https:\/\/api.w.org\/{rel}","templated":true}]}}