{"id":24721,"date":"2021-12-20T09:01:20","date_gmt":"2021-12-20T08:01:20","guid":{"rendered":"https:\/\/www.nissan-couriant.fr\/blog\/?p=24721"},"modified":"2021-12-20T09:01:22","modified_gmt":"2021-12-20T08:01:22","slug":"nissan-celebre-35-ans-de-production-en-europe-avec-une-version-tres-speciale-de-la-berline-bluebird","status":"publish","type":"post","link":"https:\/\/www.nissan-couriant.fr\/blog\/2021\/12\/20\/nissan-celebre-35-ans-de-production-en-europe-avec-une-version-tres-speciale-de-la-berline-bluebird\/","title":{"rendered":"Nissan c\u00e9l\u00e8bre 35 ans de production en Europe avec une version tr\u00e8s sp\u00e9ciale de la berline Bluebird !"},"content":{"rendered":"\n<p>Voil\u00e0 maintenant 35 ans que Nissan a implant\u00e9 sa production en Europe, plus pr\u00e9cis\u00e9ment dans l\u2019usine de Sunderland en Angleterre. \u00c0 cette occasion, <strong>Nissan c\u00e9l\u00e8bre cet anniversaire avec une version tr\u00e8s sp\u00e9ciale de la berline Bluebird, la premi\u00e8re voiture sortie d\u2019usine en 1986.<\/strong><\/p>\n\n\n\n<h2 class=\"wp-block-heading\">Nissan Bluebird \u00e9quip\u00e9e d\u2019une motorisation 100% \u00e9lectrique<\/h2>\n\n\n\n<p><strong>La berline familiale Nissan Bluebird a \u00e9t\u00e9 largement modifi\u00e9e afin d&rsquo;accueillir la transmission 100% \u00e9lectrique de la LEAF. <\/strong>Le moteur \u00e0 essence et la bo\u00eete de vitesses d&rsquo;origine ont \u00e9t\u00e9 retir\u00e9s pour faire place \u00e0 la motorisation de la Nissan LEAF. <strong>Le v\u00e9hicule dispose d\u2019une autonomie de plus de 200km pour une acc\u00e9l\u00e9ration de 0 \u00e0 100 km\/h en un peu moins de 15 secondes&nbsp;!<\/strong><\/p>\n\n\n\n<h2 class=\"wp-block-heading\">Quand la carrosserie devient une \u0153uvre d\u2019art<\/h2>\n\n\n\n<p>Difficile de passer \u00e0 c\u00f4t\u00e9 de cette carrosserie color\u00e9e qui arbore un motif graphique inspir\u00e9 du design des ann\u00e9es 1980 et qui pourtant donne un c\u00f4t\u00e9 terriblement moderne \u00e0 la Blubird&nbsp;! En guise de clin d&rsquo;\u0153il \u00e0 l&rsquo;\u00e9lectrification de la voiture, le logo de capot Nissan d&rsquo;origine a \u00e9galement re\u00e7u un r\u00e9tro\u00e9clairage \u00e0 LED.<\/p>\n\n\n\n<h2 class=\"wp-block-heading\">Une usine, une histoire<\/h2>\n\n\n\n<p>De 1986 \u00e0 1990, L&rsquo;usine de Sunderland a fabriqu\u00e9 au total 187&nbsp;178 Nissan Bluebird. \u00c0 l\u2019\u00e9poque, il fallait plus de 22 heures pour assembler cette berline familiale. Aujourd&rsquo;hui, gr\u00e2ce \u00e0 l&rsquo;am\u00e9lioration des techniques de fabrication, il faut seulement 10 heures pour construire une Nissan LEAF.<\/p>\n\n\n\n<p>Joyeux anniversaire \u00e0 la Nissan Bluebird !<\/p>\n\n\n\n<figure class=\"wp-block-image size-large\"><img fetchpriority=\"high\" decoding=\"async\" width=\"1000\" height=\"660\" src=\"https:\/\/www.nissan-couriant.fr\/blog\/wp-content\/uploads\/2021\/12\/8.jpg\" alt=\"\" class=\"wp-image-24723 colorbox-24721\" srcset=\"https:\/\/www.nissan-couriant.fr\/blog\/wp-content\/uploads\/2021\/12\/8.jpg 1000w, https:\/\/www.nissan-couriant.fr\/blog\/wp-content\/uploads\/2021\/12\/8-645x426.jpg 645w, https:\/\/www.nissan-couriant.fr\/blog\/wp-content\/uploads\/2021\/12\/8-768x507.jpg 768w\" sizes=\"(max-width: 1000px) 100vw, 1000px\" \/><\/figure>\n\n\n\n<figure class=\"wp-block-image size-large\"><img decoding=\"async\" width=\"1000\" height=\"660\" src=\"https:\/\/www.nissan-couriant.fr\/blog\/wp-content\/uploads\/2021\/12\/3.jpg\" alt=\"\" class=\"wp-image-24727 colorbox-24721\" srcset=\"https:\/\/www.nissan-couriant.fr\/blog\/wp-content\/uploads\/2021\/12\/3.jpg 1000w, https:\/\/www.nissan-couriant.fr\/blog\/wp-content\/uploads\/2021\/12\/3-645x426.jpg 645w, https:\/\/www.nissan-couriant.fr\/blog\/wp-content\/uploads\/2021\/12\/3-768x507.jpg 768w\" sizes=\"(max-width: 1000px) 100vw, 1000px\" \/><\/figure>\n\n\n\n<figure class=\"wp-block-image size-large\"><img decoding=\"async\" width=\"1000\" height=\"660\" src=\"https:\/\/www.nissan-couriant.fr\/blog\/wp-content\/uploads\/2021\/12\/6.jpg\" alt=\"\" class=\"wp-image-24724 colorbox-24721\" srcset=\"https:\/\/www.nissan-couriant.fr\/blog\/wp-content\/uploads\/2021\/12\/6.jpg 1000w, https:\/\/www.nissan-couriant.fr\/blog\/wp-content\/uploads\/2021\/12\/6-645x426.jpg 645w, https:\/\/www.nissan-couriant.fr\/blog\/wp-content\/uploads\/2021\/12\/6-768x507.jpg 768w\" sizes=\"(max-width: 1000px) 100vw, 1000px\" \/><\/figure>\n\n\n\n<figure class=\"wp-block-image size-large\"><img loading=\"lazy\" decoding=\"async\" width=\"1000\" height=\"660\" src=\"https:\/\/www.nissan-couriant.fr\/blog\/wp-content\/uploads\/2021\/12\/5.jpg\" alt=\"\" class=\"wp-image-24725 colorbox-24721\" srcset=\"https:\/\/www.nissan-couriant.fr\/blog\/wp-content\/uploads\/2021\/12\/5.jpg 1000w, https:\/\/www.nissan-couriant.fr\/blog\/wp-content\/uploads\/2021\/12\/5-645x426.jpg 645w, https:\/\/www.nissan-couriant.fr\/blog\/wp-content\/uploads\/2021\/12\/5-768x507.jpg 768w\" sizes=\"(max-width: 1000px) 100vw, 1000px\" \/><\/figure>\n\n\n\n<figure class=\"wp-block-image size-large\"><img loading=\"lazy\" decoding=\"async\" width=\"1000\" height=\"660\" src=\"https:\/\/www.nissan-couriant.fr\/blog\/wp-content\/uploads\/2021\/12\/4.jpg\" alt=\"\" class=\"wp-image-24726 colorbox-24721\" srcset=\"https:\/\/www.nissan-couriant.fr\/blog\/wp-content\/uploads\/2021\/12\/4.jpg 1000w, https:\/\/www.nissan-couriant.fr\/blog\/wp-content\/uploads\/2021\/12\/4-645x426.jpg 645w, https:\/\/www.nissan-couriant.fr\/blog\/wp-content\/uploads\/2021\/12\/4-768x507.jpg 768w\" sizes=\"(max-width: 1000px) 100vw, 1000px\" \/><\/figure>\n\n\n\n<figure class=\"wp-block-image size-large\"><img loading=\"lazy\" decoding=\"async\" width=\"1000\" height=\"660\" src=\"https:\/\/www.nissan-couriant.fr\/blog\/wp-content\/uploads\/2021\/12\/2-1.jpg\" alt=\"\" class=\"wp-image-24729 colorbox-24721\" srcset=\"https:\/\/www.nissan-couriant.fr\/blog\/wp-content\/uploads\/2021\/12\/2-1.jpg 1000w, https:\/\/www.nissan-couriant.fr\/blog\/wp-content\/uploads\/2021\/12\/2-1-645x426.jpg 645w, https:\/\/www.nissan-couriant.fr\/blog\/wp-content\/uploads\/2021\/12\/2-1-768x507.jpg 768w\" sizes=\"(max-width: 1000px) 100vw, 1000px\" \/><\/figure>\n\n\n\n<figure class=\"wp-block-image size-large\"><img loading=\"lazy\" decoding=\"async\" width=\"1000\" height=\"660\" src=\"https:\/\/www.nissan-couriant.fr\/blog\/wp-content\/uploads\/2021\/12\/1.jpg\" alt=\"\" class=\"wp-image-24730 colorbox-24721\" srcset=\"https:\/\/www.nissan-couriant.fr\/blog\/wp-content\/uploads\/2021\/12\/1.jpg 1000w, https:\/\/www.nissan-couriant.fr\/blog\/wp-content\/uploads\/2021\/12\/1-645x426.jpg 645w, https:\/\/www.nissan-couriant.fr\/blog\/wp-content\/uploads\/2021\/12\/1-768x507.jpg 768w\" sizes=\"(max-width: 1000px) 100vw, 1000px\" \/><\/figure>\n","protected":false},"excerpt":{"rendered":"<p>Voil\u00e0 maintenant 35 ans que Nissan a implant\u00e9 sa production en Europe, plus pr\u00e9cis\u00e9ment dans l\u2019usine de Sunderland en Angleterre. \u00c0 cette occasion, Nissan c\u00e9l\u00e8bre cet anniversaire avec une version&#8230;<\/p>\n","protected":false},"author":1101,"featured_media":24731,"comment_status":"open","ping_status":"closed","sticky":false,"template":"","format":"standard","meta":{"footnotes":""},"categories":[1],"tags":[],"class_list":["post-24721","post","type-post","status-publish","format-standard","has-post-thumbnail","hentry","category-non-classe"],"yoast_head":"<!-- This site is optimized with the Yoast SEO plugin v24.4 - https:\/\/yoast.com\/wordpress\/plugins\/seo\/ -->\n<title>Nissan f\u00eate 35 ans de production avec une version sp\u00e9ciale Bluebird !<\/title>\n<meta name=\"description\" content=\"Nissan c\u00e9l\u00e8bre 35 ans de sa production en Europe avec une version tr\u00e8s sp\u00e9ciale de la berline Bluebird, voiture sortie en 1986.\" \/>\n<meta name=\"robots\" content=\"index, follow, max-snippet:-1, max-image-preview:large, max-video-preview:-1\" \/>\n<link rel=\"canonical\" href=\"https:\/\/www.nissan-couriant.fr\/blog\/2021\/12\/20\/nissan-celebre-35-ans-de-production-en-europe-avec-une-version-tres-speciale-de-la-berline-bluebird\/\" \/>\n<meta property=\"og:locale\" content=\"fr_FR\" \/>\n<meta property=\"og:type\" content=\"article\" \/>\n<meta property=\"og:title\" content=\"Nissan f\u00eate 35 ans de production avec une version sp\u00e9ciale Bluebird !\" \/>\n<meta property=\"og:description\" content=\"Nissan c\u00e9l\u00e8bre 35 ans de sa production en Europe avec une version tr\u00e8s sp\u00e9ciale de la berline Bluebird, voiture sortie en 1986.\" \/>\n<meta property=\"og:url\" content=\"https:\/\/www.nissan-couriant.fr\/blog\/2021\/12\/20\/nissan-celebre-35-ans-de-production-en-europe-avec-une-version-tres-speciale-de-la-berline-bluebird\/\" \/>\n<meta property=\"og:site_name\" content=\"Nissan Couriant Aix en Provence\" \/>\n<meta property=\"article:publisher\" content=\"https:\/\/www.facebook.com\/nissancouriant\" \/>\n<meta property=\"article:published_time\" content=\"2021-12-20T08:01:20+00:00\" \/>\n<meta property=\"article:modified_time\" content=\"2021-12-20T08:01:22+00:00\" \/>\n<meta property=\"og:image\" content=\"https:\/\/www.nissan-couriant.fr\/blog\/wp-content\/uploads\/2021\/12\/Nissan_Newbird_1.JPG.jpg\" \/>\n\t<meta property=\"og:image:width\" content=\"1400\" \/>\n\t<meta property=\"og:image:height\" content=\"540\" \/>\n\t<meta property=\"og:image:type\" content=\"image\/jpeg\" \/>\n<meta name=\"author\" content=\"Laura\" \/>\n<meta name=\"twitter:card\" content=\"summary_large_image\" \/>\n<meta name=\"twitter:creator\" content=\"@NissanCouriant\" \/>\n<meta name=\"twitter:site\" content=\"@NissanCouriant\" \/>\n<meta name=\"twitter:label1\" content=\"\u00c9crit par\" \/>\n\t<meta name=\"twitter:data1\" content=\"Laura\" \/>\n\t<meta name=\"twitter:label2\" content=\"Dur\u00e9e de lecture estim\u00e9e\" \/>\n\t<meta name=\"twitter:data2\" content=\"3 minutes\" \/>\n<script type=\"application\/ld+json\" class=\"yoast-schema-graph\">{\"@context\":\"https:\/\/schema.org\",\"@graph\":[{\"@type\":\"WebPage\",\"@id\":\"https:\/\/www.nissan-couriant.fr\/blog\/2021\/12\/20\/nissan-celebre-35-ans-de-production-en-europe-avec-une-version-tres-speciale-de-la-berline-bluebird\/\",\"url\":\"https:\/\/www.nissan-couriant.fr\/blog\/2021\/12\/20\/nissan-celebre-35-ans-de-production-en-europe-avec-une-version-tres-speciale-de-la-berline-bluebird\/\",\"name\":\"Nissan f\u00eate 35 ans de production avec une version sp\u00e9ciale Bluebird !\",\"isPartOf\":{\"@id\":\"https:\/\/www.nissan-couriant.fr\/blog\/#website\"},\"primaryImageOfPage\":{\"@id\":\"https:\/\/www.nissan-couriant.fr\/blog\/2021\/12\/20\/nissan-celebre-35-ans-de-production-en-europe-avec-une-version-tres-speciale-de-la-berline-bluebird\/#primaryimage\"},\"image\":{\"@id\":\"https:\/\/www.nissan-couriant.fr\/blog\/2021\/12\/20\/nissan-celebre-35-ans-de-production-en-europe-avec-une-version-tres-speciale-de-la-berline-bluebird\/#primaryimage\"},\"thumbnailUrl\":\"https:\/\/www.nissan-couriant.fr\/blog\/wp-content\/uploads\/2021\/12\/Nissan_Newbird_1.JPG.jpg\",\"datePublished\":\"2021-12-20T08:01:20+00:00\",\"dateModified\":\"2021-12-20T08:01:22+00:00\",\"author\":{\"@id\":\"https:\/\/www.nissan-couriant.fr\/blog\/#\/schema\/person\/41a03274ac74ba26549677c01c8c8f95\"},\"description\":\"Nissan c\u00e9l\u00e8bre 35 ans de sa production en Europe avec une version tr\u00e8s sp\u00e9ciale de la berline Bluebird, voiture sortie en 1986.\",\"breadcrumb\":{\"@id\":\"https:\/\/www.nissan-couriant.fr\/blog\/2021\/12\/20\/nissan-celebre-35-ans-de-production-en-europe-avec-une-version-tres-speciale-de-la-berline-bluebird\/#breadcrumb\"},\"inLanguage\":\"fr-FR\",\"potentialAction\":[{\"@type\":\"ReadAction\",\"target\":[\"https:\/\/www.nissan-couriant.fr\/blog\/2021\/12\/20\/nissan-celebre-35-ans-de-production-en-europe-avec-une-version-tres-speciale-de-la-berline-bluebird\/\"]}]},{\"@type\":\"ImageObject\",\"inLanguage\":\"fr-FR\",\"@id\":\"https:\/\/www.nissan-couriant.fr\/blog\/2021\/12\/20\/nissan-celebre-35-ans-de-production-en-europe-avec-une-version-tres-speciale-de-la-berline-bluebird\/#primaryimage\",\"url\":\"https:\/\/www.nissan-couriant.fr\/blog\/wp-content\/uploads\/2021\/12\/Nissan_Newbird_1.JPG.jpg\",\"contentUrl\":\"https:\/\/www.nissan-couriant.fr\/blog\/wp-content\/uploads\/2021\/12\/Nissan_Newbird_1.JPG.jpg\",\"width\":1400,\"height\":540,\"caption\":\"retrofit Nissan BlueBird\"},{\"@type\":\"BreadcrumbList\",\"@id\":\"https:\/\/www.nissan-couriant.fr\/blog\/2021\/12\/20\/nissan-celebre-35-ans-de-production-en-europe-avec-une-version-tres-speciale-de-la-berline-bluebird\/#breadcrumb\",\"itemListElement\":[{\"@type\":\"ListItem\",\"position\":1,\"name\":\"Accueil\",\"item\":\"https:\/\/www.nissan-couriant.fr\/blog\/\"},{\"@type\":\"ListItem\",\"position\":2,\"name\":\"Nissan c\u00e9l\u00e8bre 35 ans de production en Europe avec une version tr\u00e8s sp\u00e9ciale de la berline Bluebird !\"}]},{\"@type\":\"WebSite\",\"@id\":\"https:\/\/www.nissan-couriant.fr\/blog\/#website\",\"url\":\"https:\/\/www.nissan-couriant.fr\/blog\/\",\"name\":\"Nissan Couriant Aix en Provence\",\"description\":\"Distributeur Nissan \u00e0 Aix en Provence et Pays d&#039;Aix, v\u00e9hicules neufs et d&#039;occasion\",\"potentialAction\":[{\"@type\":\"SearchAction\",\"target\":{\"@type\":\"EntryPoint\",\"urlTemplate\":\"https:\/\/www.nissan-couriant.fr\/blog\/?s={search_term_string}\"},\"query-input\":{\"@type\":\"PropertyValueSpecification\",\"valueRequired\":true,\"valueName\":\"search_term_string\"}}],\"inLanguage\":\"fr-FR\"},{\"@type\":\"Person\",\"@id\":\"https:\/\/www.nissan-couriant.fr\/blog\/#\/schema\/person\/41a03274ac74ba26549677c01c8c8f95\",\"name\":\"Laura\",\"image\":{\"@type\":\"ImageObject\",\"inLanguage\":\"fr-FR\",\"@id\":\"https:\/\/www.nissan-couriant.fr\/blog\/#\/schema\/person\/image\/\",\"url\":\"https:\/\/secure.gravatar.com\/avatar\/efc9f8844553d88b37d54276fd17d9c7?s=96&d=mm&r=g\",\"contentUrl\":\"https:\/\/secure.gravatar.com\/avatar\/efc9f8844553d88b37d54276fd17d9c7?s=96&d=mm&r=g\",\"caption\":\"Laura\"},\"url\":\"https:\/\/www.nissan-couriant.fr\/blog\/author\/laura\/\"}]}<\/script>\n<!-- \/ Yoast SEO plugin. -->","yoast_head_json":{"title":"Nissan f\u00eate 35 ans de production avec une version sp\u00e9ciale Bluebird !","description":"Nissan c\u00e9l\u00e8bre 35 ans de sa production en Europe avec une version tr\u00e8s sp\u00e9ciale de la berline Bluebird, voiture sortie en 1986.","robots":{"index":"index","follow":"follow","max-snippet":"max-snippet:-1","max-image-preview":"max-image-preview:large","max-video-preview":"max-video-preview:-1"},"canonical":"https:\/\/www.nissan-couriant.fr\/blog\/2021\/12\/20\/nissan-celebre-35-ans-de-production-en-europe-avec-une-version-tres-speciale-de-la-berline-bluebird\/","og_locale":"fr_FR","og_type":"article","og_title":"Nissan f\u00eate 35 ans de production avec une version sp\u00e9ciale Bluebird !","og_description":"Nissan c\u00e9l\u00e8bre 35 ans de sa production en Europe avec une version tr\u00e8s sp\u00e9ciale de la berline Bluebird, voiture sortie en 1986.","og_url":"https:\/\/www.nissan-couriant.fr\/blog\/2021\/12\/20\/nissan-celebre-35-ans-de-production-en-europe-avec-une-version-tres-speciale-de-la-berline-bluebird\/","og_site_name":"Nissan Couriant Aix en Provence","article_publisher":"https:\/\/www.facebook.com\/nissancouriant","article_published_time":"2021-12-20T08:01:20+00:00","article_modified_time":"2021-12-20T08:01:22+00:00","og_image":[{"width":1400,"height":540,"url":"https:\/\/www.nissan-couriant.fr\/blog\/wp-content\/uploads\/2021\/12\/Nissan_Newbird_1.JPG.jpg","type":"image\/jpeg"}],"author":"Laura","twitter_card":"summary_large_image","twitter_creator":"@NissanCouriant","twitter_site":"@NissanCouriant","twitter_misc":{"\u00c9crit par":"Laura","Dur\u00e9e de lecture estim\u00e9e":"3 minutes"},"schema":{"@context":"https:\/\/schema.org","@graph":[{"@type":"WebPage","@id":"https:\/\/www.nissan-couriant.fr\/blog\/2021\/12\/20\/nissan-celebre-35-ans-de-production-en-europe-avec-une-version-tres-speciale-de-la-berline-bluebird\/","url":"https:\/\/www.nissan-couriant.fr\/blog\/2021\/12\/20\/nissan-celebre-35-ans-de-production-en-europe-avec-une-version-tres-speciale-de-la-berline-bluebird\/","name":"Nissan f\u00eate 35 ans de production avec une version sp\u00e9ciale Bluebird !","isPartOf":{"@id":"https:\/\/www.nissan-couriant.fr\/blog\/#website"},"primaryImageOfPage":{"@id":"https:\/\/www.nissan-couriant.fr\/blog\/2021\/12\/20\/nissan-celebre-35-ans-de-production-en-europe-avec-une-version-tres-speciale-de-la-berline-bluebird\/#primaryimage"},"image":{"@id":"https:\/\/www.nissan-couriant.fr\/blog\/2021\/12\/20\/nissan-celebre-35-ans-de-production-en-europe-avec-une-version-tres-speciale-de-la-berline-bluebird\/#primaryimage"},"thumbnailUrl":"https:\/\/www.nissan-couriant.fr\/blog\/wp-content\/uploads\/2021\/12\/Nissan_Newbird_1.JPG.jpg","datePublished":"2021-12-20T08:01:20+00:00","dateModified":"2021-12-20T08:01:22+00:00","author":{"@id":"https:\/\/www.nissan-couriant.fr\/blog\/#\/schema\/person\/41a03274ac74ba26549677c01c8c8f95"},"description":"Nissan c\u00e9l\u00e8bre 35 ans de sa production en Europe avec une version tr\u00e8s sp\u00e9ciale de la berline Bluebird, voiture sortie en 1986.","breadcrumb":{"@id":"https:\/\/www.nissan-couriant.fr\/blog\/2021\/12\/20\/nissan-celebre-35-ans-de-production-en-europe-avec-une-version-tres-speciale-de-la-berline-bluebird\/#breadcrumb"},"inLanguage":"fr-FR","potentialAction":[{"@type":"ReadAction","target":["https:\/\/www.nissan-couriant.fr\/blog\/2021\/12\/20\/nissan-celebre-35-ans-de-production-en-europe-avec-une-version-tres-speciale-de-la-berline-bluebird\/"]}]},{"@type":"ImageObject","inLanguage":"fr-FR","@id":"https:\/\/www.nissan-couriant.fr\/blog\/2021\/12\/20\/nissan-celebre-35-ans-de-production-en-europe-avec-une-version-tres-speciale-de-la-berline-bluebird\/#primaryimage","url":"https:\/\/www.nissan-couriant.fr\/blog\/wp-content\/uploads\/2021\/12\/Nissan_Newbird_1.JPG.jpg","contentUrl":"https:\/\/www.nissan-couriant.fr\/blog\/wp-content\/uploads\/2021\/12\/Nissan_Newbird_1.JPG.jpg","width":1400,"height":540,"caption":"retrofit Nissan BlueBird"},{"@type":"BreadcrumbList","@id":"https:\/\/www.nissan-couriant.fr\/blog\/2021\/12\/20\/nissan-celebre-35-ans-de-production-en-europe-avec-une-version-tres-speciale-de-la-berline-bluebird\/#breadcrumb","itemListElement":[{"@type":"ListItem","position":1,"name":"Accueil","item":"https:\/\/www.nissan-couriant.fr\/blog\/"},{"@type":"ListItem","position":2,"name":"Nissan c\u00e9l\u00e8bre 35 ans de production en Europe avec une version tr\u00e8s sp\u00e9ciale de la berline Bluebird !"}]},{"@type":"WebSite","@id":"https:\/\/www.nissan-couriant.fr\/blog\/#website","url":"https:\/\/www.nissan-couriant.fr\/blog\/","name":"Nissan Couriant Aix en Provence","description":"Distributeur Nissan \u00e0 Aix en Provence et Pays d&#039;Aix, v\u00e9hicules neufs et d&#039;occasion","potentialAction":[{"@type":"SearchAction","target":{"@type":"EntryPoint","urlTemplate":"https:\/\/www.nissan-couriant.fr\/blog\/?s={search_term_string}"},"query-input":{"@type":"PropertyValueSpecification","valueRequired":true,"valueName":"search_term_string"}}],"inLanguage":"fr-FR"},{"@type":"Person","@id":"https:\/\/www.nissan-couriant.fr\/blog\/#\/schema\/person\/41a03274ac74ba26549677c01c8c8f95","name":"Laura","image":{"@type":"ImageObject","inLanguage":"fr-FR","@id":"https:\/\/www.nissan-couriant.fr\/blog\/#\/schema\/person\/image\/","url":"https:\/\/secure.gravatar.com\/avatar\/efc9f8844553d88b37d54276fd17d9c7?s=96&d=mm&r=g","contentUrl":"https:\/\/secure.gravatar.com\/avatar\/efc9f8844553d88b37d54276fd17d9c7?s=96&d=mm&r=g","caption":"Laura"},"url":"https:\/\/www.nissan-couriant.fr\/blog\/author\/laura\/"}]}},"publishpress_future_action":{"enabled":false,"date":"2026-09-13 15:34:55","action":"change-status","newStatus":"draft","terms":[],"taxonomy":"category"},"publishpress_future_workflow_manual_trigger":{"enabledWorkflows":[]},"_links":{"self":[{"href":"https:\/\/www.nissan-couriant.fr\/blog\/wp-json\/wp\/v2\/posts\/24721","targetHints":{"allow":["GET"]}}],"collection":[{"href":"https:\/\/www.nissan-couriant.fr\/blog\/wp-json\/wp\/v2\/posts"}],"about":[{"href":"https:\/\/www.nissan-couriant.fr\/blog\/wp-json\/wp\/v2\/types\/post"}],"author":[{"embeddable":true,"href":"https:\/\/www.nissan-couriant.fr\/blog\/wp-json\/wp\/v2\/users\/1101"}],"replies":[{"embeddable":true,"href":"https:\/\/www.nissan-couriant.fr\/blog\/wp-json\/wp\/v2\/comments?post=24721"}],"version-history":[{"count":4,"href":"https:\/\/www.nissan-couriant.fr\/blog\/wp-json\/wp\/v2\/posts\/24721\/revisions"}],"predecessor-version":[{"id":24735,"href":"https:\/\/www.nissan-couriant.fr\/blog\/wp-json\/wp\/v2\/posts\/24721\/revisions\/24735"}],"wp:featuredmedia":[{"embeddable":true,"href":"https:\/\/www.nissan-couriant.fr\/blog\/wp-json\/wp\/v2\/media\/24731"}],"wp:attachment":[{"href":"https:\/\/www.nissan-couriant.fr\/blog\/wp-json\/wp\/v2\/media?parent=24721"}],"wp:term":[{"taxonomy":"category","embeddable":true,"href":"https:\/\/www.nissan-couriant.fr\/blog\/wp-json\/wp\/v2\/categories?post=24721"},{"taxonomy":"post_tag","embeddable":true,"href":"https:\/\/www.nissan-couriant.fr\/blog\/wp-json\/wp\/v2\/tags?post=24721"}],"curies":[{"name":"wp","href":"https:\/\/api.w.org\/{rel}","templated":true}]}}