{"id":26962,"date":"2023-08-16T11:00:00","date_gmt":"2023-08-16T10:00:00","guid":{"rendered":"https:\/\/www.nissan-couriant.fr\/blog\/?p=26962"},"modified":"2023-08-10T09:43:09","modified_gmt":"2023-08-10T08:43:09","slug":"nissan-un-million-de-vehicules-electriques-vendus-une-evolution-vers-lelectrification-durable","status":"publish","type":"post","link":"https:\/\/www.nissan-couriant.fr\/blog\/2023\/08\/16\/nissan-un-million-de-vehicules-electriques-vendus-une-evolution-vers-lelectrification-durable\/","title":{"rendered":"Nissan : Un million de v\u00e9hicules \u00e9lectriques vendus, une \u00e9volution vers l&rsquo;\u00e9lectrification durable"},"content":{"rendered":"\n<p>Depuis le lancement r\u00e9volutionnaire de la Nissan Leaf en d\u00e9cembre 2010, Nissan a franchi un cap en commercialisant un million de mod\u00e8les z\u00e9ro \u00e9mission au cours des treize derni\u00e8res ann\u00e9es. Cette r\u00e9alisation illustre l&rsquo;engagement in\u00e9branlable de Nissan envers l&rsquo;\u00e9lectrification et sa vision d&rsquo;un avenir durable.<\/p>\n\n\n\n<h2 class=\"wp-block-heading\">Le Triomphe de la Nissan Leaf<\/h2>\n\n\n\n<p>Avec plus de 650 000 unit\u00e9s vendues \u00e0 travers le monde, la Nissan Leaf a marqu\u00e9 le d\u00e9but d&rsquo;une nouvelle \u00e8re dans l&rsquo;industrie automobile. La deuxi\u00e8me g\u00e9n\u00e9ration de ce mod\u00e8le embl\u00e9matique continue de captiver les consommateurs sur pr\u00e8s de 50 march\u00e9s, notamment en Europe, au Japon et aux \u00c9tats-Unis, o\u00f9 elle a remport\u00e9 de nombreux prix prestigieux.<\/p>\n\n\n\n<p>Depuis sa production localis\u00e9e \u00e0 l&rsquo;usine Nissan de Sunderland au Royaume-Uni en 2013, plus de 263 000 LEAF ont trouv\u00e9 leur place sur les routes europ\u00e9ennes. Cette \u00e9volution illustre la croissance constante de la demande pour des v\u00e9hicules \u00e9lectriques abordables et respectueux de l&rsquo;environnement.<\/p>\n\n\n\n<h2 class=\"wp-block-heading\">Innovations constantes vers un avenir vert<\/h2>\n\n\n\n<p>En 2022, Nissan a franchi une nouvelle \u00e9tape avec le lancement du crossover 100 % \u00e9lectrique, l&rsquo;Ariya. Dot\u00e9 du nouveau concept de design de Nissan, ce mod\u00e8le incarne l&rsquo;avenir de la mobilit\u00e9 \u00e9lectrique. Des caract\u00e9ristiques telles que la transmission int\u00e9grale e-4ORCE et l&rsquo;assistance avanc\u00e9e \u00e0 la conduite ProPILOT 2.0 en font un choix technologique incontournable. Le Nissan Ariya a remport\u00e9 des prix tels que l&rsquo;Auto Color Award 2021 Grand Prix au Japon et le Red Dot Design Award en Allemagne, confirmant son statut de leader en mati\u00e8re d&rsquo;innovation et de design.<\/p>\n\n\n\n<h2 class=\"wp-block-heading\">Une Vision \u00e0 Long Terme pour un Avenir \u00c9lectrique<\/h2>\n\n\n\n<p>Sous sa vision ambitieuse Ambition 2030, Nissan pr\u00e9voit de lancer 19 mod\u00e8les de v\u00e9hicules \u00e9lectriques d&rsquo;ici 2030, refl\u00e9tant ainsi son engagement continu envers la mobilit\u00e9 durable. La marque s&rsquo;efforce \u00e9galement de d\u00e9velopper des v\u00e9hicules \u00e9lectriques aliment\u00e9s par des batteries solides d&rsquo;ici 2028, tout en \u00e9largissant sa gamme pour r\u00e9pondre aux besoins diversifi\u00e9s de sa client\u00e8le mondiale.<\/p>\n\n\n\n<p>Deux nouveaux mod\u00e8les \u00e9lectriques ont d&rsquo;ores et d\u00e9j\u00e0 \u00e9t\u00e9 annonc\u00e9s pour le march\u00e9 europ\u00e9en : un crossover \u00e9lectrique inspir\u00e9 du concept car CHILL-OUT, et un v\u00e9hicule \u00e9lectrique compact qui deviendra la porte d&rsquo;entr\u00e9e de la gamme \u00e9lectrifi\u00e9e de Nissan.<\/p>\n\n\n\n<p>\u00c0 travers ces r\u00e9alisations et ces initiatives futures, Nissan demeure \u00e0 la pointe de l&rsquo;innovation et continue de fa\u00e7onner un avenir o\u00f9 la mobilit\u00e9 \u00e9lectrique sera synonyme de durabilit\u00e9 et de progr\u00e8s.<\/p>\n\n\n\n<p>D\u00e9couvrez d\u00e8s maintenant <a href=\"https:\/\/www.nissan-couriant.fr\/gamme\/leaf-42\">Nissan Leaf<\/a> et <a href=\"https:\/\/www.nissan-couriant.fr\/gamme\/ariya-62\">Nissan Ariya<\/a>. <\/p>\n","protected":false},"excerpt":{"rendered":"<p>Depuis le lancement r\u00e9volutionnaire de la Nissan Leaf en d\u00e9cembre 2010, Nissan a franchi un cap en commercialisant un million de mod\u00e8les z\u00e9ro \u00e9mission au cours des treize derni\u00e8res ann\u00e9es&#8230;.<\/p>\n","protected":false},"author":1100,"featured_media":26969,"comment_status":"open","ping_status":"closed","sticky":false,"template":"","format":"standard","meta":{"footnotes":""},"categories":[864],"tags":[],"class_list":["post-26962","post","type-post","status-publish","format-standard","has-post-thumbnail","hentry","category-actualites"],"yoast_head":"<!-- This site is optimized with the Yoast SEO plugin v24.4 - https:\/\/yoast.com\/wordpress\/plugins\/seo\/ -->\n<title>Nissan : Un million de v\u00e9hicules \u00e9lectriques vendus<\/title>\n<meta name=\"description\" content=\"Nissan Couriant Aix en Provence Nissan : Un million de v\u00e9hicules \u00e9lectriques vendus, une \u00e9volution vers l&#039;\u00e9lectrification durable\" \/>\n<meta name=\"robots\" content=\"index, follow, max-snippet:-1, max-image-preview:large, max-video-preview:-1\" \/>\n<link rel=\"canonical\" href=\"https:\/\/www.nissan-couriant.fr\/blog\/2023\/08\/16\/nissan-un-million-de-vehicules-electriques-vendus-une-evolution-vers-lelectrification-durable\/\" \/>\n<meta property=\"og:locale\" content=\"fr_FR\" \/>\n<meta property=\"og:type\" content=\"article\" \/>\n<meta property=\"og:title\" content=\"Nissan : Un million de v\u00e9hicules \u00e9lectriques vendus\" \/>\n<meta property=\"og:description\" content=\"Nissan Couriant Aix en Provence Nissan : Un million de v\u00e9hicules \u00e9lectriques vendus, une \u00e9volution vers l&#039;\u00e9lectrification durable\" \/>\n<meta property=\"og:url\" content=\"https:\/\/www.nissan-couriant.fr\/blog\/2023\/08\/16\/nissan-un-million-de-vehicules-electriques-vendus-une-evolution-vers-lelectrification-durable\/\" \/>\n<meta property=\"og:site_name\" content=\"Nissan Couriant Aix en Provence\" \/>\n<meta property=\"article:publisher\" content=\"https:\/\/www.facebook.com\/nissancouriant\" \/>\n<meta property=\"article:published_time\" content=\"2023-08-16T10:00:00+00:00\" \/>\n<meta property=\"og:image\" content=\"https:\/\/www.nissan-couriant.fr\/blog\/wp-content\/uploads\/2023\/08\/Article-COURIANT-aout-leaf-ariya3.jpg\" \/>\n\t<meta property=\"og:image:width\" content=\"1400\" \/>\n\t<meta property=\"og:image:height\" content=\"540\" \/>\n\t<meta property=\"og:image:type\" content=\"image\/jpeg\" \/>\n<meta name=\"author\" content=\"Micaela Moroni\" \/>\n<meta name=\"twitter:card\" content=\"summary_large_image\" \/>\n<meta name=\"twitter:creator\" content=\"@NissanCouriant\" \/>\n<meta name=\"twitter:site\" content=\"@NissanCouriant\" \/>\n<meta name=\"twitter:label1\" content=\"\u00c9crit par\" \/>\n\t<meta name=\"twitter:data1\" content=\"Micaela Moroni\" \/>\n\t<meta name=\"twitter:label2\" content=\"Dur\u00e9e de lecture estim\u00e9e\" \/>\n\t<meta name=\"twitter:data2\" content=\"3 minutes\" \/>\n<script type=\"application\/ld+json\" class=\"yoast-schema-graph\">{\"@context\":\"https:\/\/schema.org\",\"@graph\":[{\"@type\":\"WebPage\",\"@id\":\"https:\/\/www.nissan-couriant.fr\/blog\/2023\/08\/16\/nissan-un-million-de-vehicules-electriques-vendus-une-evolution-vers-lelectrification-durable\/\",\"url\":\"https:\/\/www.nissan-couriant.fr\/blog\/2023\/08\/16\/nissan-un-million-de-vehicules-electriques-vendus-une-evolution-vers-lelectrification-durable\/\",\"name\":\"Nissan : Un million de v\u00e9hicules \u00e9lectriques vendus\",\"isPartOf\":{\"@id\":\"https:\/\/www.nissan-couriant.fr\/blog\/#website\"},\"primaryImageOfPage\":{\"@id\":\"https:\/\/www.nissan-couriant.fr\/blog\/2023\/08\/16\/nissan-un-million-de-vehicules-electriques-vendus-une-evolution-vers-lelectrification-durable\/#primaryimage\"},\"image\":{\"@id\":\"https:\/\/www.nissan-couriant.fr\/blog\/2023\/08\/16\/nissan-un-million-de-vehicules-electriques-vendus-une-evolution-vers-lelectrification-durable\/#primaryimage\"},\"thumbnailUrl\":\"https:\/\/www.nissan-couriant.fr\/blog\/wp-content\/uploads\/2023\/08\/Article-COURIANT-aout-leaf-ariya3.jpg\",\"datePublished\":\"2023-08-16T10:00:00+00:00\",\"author\":{\"@id\":\"https:\/\/www.nissan-couriant.fr\/blog\/#\/schema\/person\/52bdc0dc441b0b4f99d3fb01ee205ce9\"},\"description\":\"Nissan Couriant Aix en Provence Nissan : Un million de v\u00e9hicules \u00e9lectriques vendus, une \u00e9volution vers l'\u00e9lectrification durable\",\"breadcrumb\":{\"@id\":\"https:\/\/www.nissan-couriant.fr\/blog\/2023\/08\/16\/nissan-un-million-de-vehicules-electriques-vendus-une-evolution-vers-lelectrification-durable\/#breadcrumb\"},\"inLanguage\":\"fr-FR\",\"potentialAction\":[{\"@type\":\"ReadAction\",\"target\":[\"https:\/\/www.nissan-couriant.fr\/blog\/2023\/08\/16\/nissan-un-million-de-vehicules-electriques-vendus-une-evolution-vers-lelectrification-durable\/\"]}]},{\"@type\":\"ImageObject\",\"inLanguage\":\"fr-FR\",\"@id\":\"https:\/\/www.nissan-couriant.fr\/blog\/2023\/08\/16\/nissan-un-million-de-vehicules-electriques-vendus-une-evolution-vers-lelectrification-durable\/#primaryimage\",\"url\":\"https:\/\/www.nissan-couriant.fr\/blog\/wp-content\/uploads\/2023\/08\/Article-COURIANT-aout-leaf-ariya3.jpg\",\"contentUrl\":\"https:\/\/www.nissan-couriant.fr\/blog\/wp-content\/uploads\/2023\/08\/Article-COURIANT-aout-leaf-ariya3.jpg\",\"width\":1400,\"height\":540},{\"@type\":\"BreadcrumbList\",\"@id\":\"https:\/\/www.nissan-couriant.fr\/blog\/2023\/08\/16\/nissan-un-million-de-vehicules-electriques-vendus-une-evolution-vers-lelectrification-durable\/#breadcrumb\",\"itemListElement\":[{\"@type\":\"ListItem\",\"position\":1,\"name\":\"Accueil\",\"item\":\"https:\/\/www.nissan-couriant.fr\/blog\/\"},{\"@type\":\"ListItem\",\"position\":2,\"name\":\"Nissan : Un million de v\u00e9hicules \u00e9lectriques vendus, une \u00e9volution vers l&rsquo;\u00e9lectrification durable\"}]},{\"@type\":\"WebSite\",\"@id\":\"https:\/\/www.nissan-couriant.fr\/blog\/#website\",\"url\":\"https:\/\/www.nissan-couriant.fr\/blog\/\",\"name\":\"Nissan Couriant Aix en Provence\",\"description\":\"Distributeur Nissan \u00e0 Aix en Provence et Pays d&#039;Aix, v\u00e9hicules neufs et d&#039;occasion\",\"potentialAction\":[{\"@type\":\"SearchAction\",\"target\":{\"@type\":\"EntryPoint\",\"urlTemplate\":\"https:\/\/www.nissan-couriant.fr\/blog\/?s={search_term_string}\"},\"query-input\":{\"@type\":\"PropertyValueSpecification\",\"valueRequired\":true,\"valueName\":\"search_term_string\"}}],\"inLanguage\":\"fr-FR\"},{\"@type\":\"Person\",\"@id\":\"https:\/\/www.nissan-couriant.fr\/blog\/#\/schema\/person\/52bdc0dc441b0b4f99d3fb01ee205ce9\",\"name\":\"Micaela Moroni\",\"image\":{\"@type\":\"ImageObject\",\"inLanguage\":\"fr-FR\",\"@id\":\"https:\/\/www.nissan-couriant.fr\/blog\/#\/schema\/person\/image\/\",\"url\":\"https:\/\/secure.gravatar.com\/avatar\/01d2915fbbc21dec310b5998c79147b2?s=96&d=mm&r=g\",\"contentUrl\":\"https:\/\/secure.gravatar.com\/avatar\/01d2915fbbc21dec310b5998c79147b2?s=96&d=mm&r=g\",\"caption\":\"Micaela Moroni\"},\"url\":\"https:\/\/www.nissan-couriant.fr\/blog\/author\/maxence\/\"}]}<\/script>\n<!-- \/ Yoast SEO plugin. -->","yoast_head_json":{"title":"Nissan : Un million de v\u00e9hicules \u00e9lectriques vendus","description":"Nissan Couriant Aix en Provence Nissan : Un million de v\u00e9hicules \u00e9lectriques vendus, une \u00e9volution vers l'\u00e9lectrification durable","robots":{"index":"index","follow":"follow","max-snippet":"max-snippet:-1","max-image-preview":"max-image-preview:large","max-video-preview":"max-video-preview:-1"},"canonical":"https:\/\/www.nissan-couriant.fr\/blog\/2023\/08\/16\/nissan-un-million-de-vehicules-electriques-vendus-une-evolution-vers-lelectrification-durable\/","og_locale":"fr_FR","og_type":"article","og_title":"Nissan : Un million de v\u00e9hicules \u00e9lectriques vendus","og_description":"Nissan Couriant Aix en Provence Nissan : Un million de v\u00e9hicules \u00e9lectriques vendus, une \u00e9volution vers l'\u00e9lectrification durable","og_url":"https:\/\/www.nissan-couriant.fr\/blog\/2023\/08\/16\/nissan-un-million-de-vehicules-electriques-vendus-une-evolution-vers-lelectrification-durable\/","og_site_name":"Nissan Couriant Aix en Provence","article_publisher":"https:\/\/www.facebook.com\/nissancouriant","article_published_time":"2023-08-16T10:00:00+00:00","og_image":[{"width":1400,"height":540,"url":"https:\/\/www.nissan-couriant.fr\/blog\/wp-content\/uploads\/2023\/08\/Article-COURIANT-aout-leaf-ariya3.jpg","type":"image\/jpeg"}],"author":"Micaela Moroni","twitter_card":"summary_large_image","twitter_creator":"@NissanCouriant","twitter_site":"@NissanCouriant","twitter_misc":{"\u00c9crit par":"Micaela Moroni","Dur\u00e9e de lecture estim\u00e9e":"3 minutes"},"schema":{"@context":"https:\/\/schema.org","@graph":[{"@type":"WebPage","@id":"https:\/\/www.nissan-couriant.fr\/blog\/2023\/08\/16\/nissan-un-million-de-vehicules-electriques-vendus-une-evolution-vers-lelectrification-durable\/","url":"https:\/\/www.nissan-couriant.fr\/blog\/2023\/08\/16\/nissan-un-million-de-vehicules-electriques-vendus-une-evolution-vers-lelectrification-durable\/","name":"Nissan : Un million de v\u00e9hicules \u00e9lectriques vendus","isPartOf":{"@id":"https:\/\/www.nissan-couriant.fr\/blog\/#website"},"primaryImageOfPage":{"@id":"https:\/\/www.nissan-couriant.fr\/blog\/2023\/08\/16\/nissan-un-million-de-vehicules-electriques-vendus-une-evolution-vers-lelectrification-durable\/#primaryimage"},"image":{"@id":"https:\/\/www.nissan-couriant.fr\/blog\/2023\/08\/16\/nissan-un-million-de-vehicules-electriques-vendus-une-evolution-vers-lelectrification-durable\/#primaryimage"},"thumbnailUrl":"https:\/\/www.nissan-couriant.fr\/blog\/wp-content\/uploads\/2023\/08\/Article-COURIANT-aout-leaf-ariya3.jpg","datePublished":"2023-08-16T10:00:00+00:00","author":{"@id":"https:\/\/www.nissan-couriant.fr\/blog\/#\/schema\/person\/52bdc0dc441b0b4f99d3fb01ee205ce9"},"description":"Nissan Couriant Aix en Provence Nissan : Un million de v\u00e9hicules \u00e9lectriques vendus, une \u00e9volution vers l'\u00e9lectrification durable","breadcrumb":{"@id":"https:\/\/www.nissan-couriant.fr\/blog\/2023\/08\/16\/nissan-un-million-de-vehicules-electriques-vendus-une-evolution-vers-lelectrification-durable\/#breadcrumb"},"inLanguage":"fr-FR","potentialAction":[{"@type":"ReadAction","target":["https:\/\/www.nissan-couriant.fr\/blog\/2023\/08\/16\/nissan-un-million-de-vehicules-electriques-vendus-une-evolution-vers-lelectrification-durable\/"]}]},{"@type":"ImageObject","inLanguage":"fr-FR","@id":"https:\/\/www.nissan-couriant.fr\/blog\/2023\/08\/16\/nissan-un-million-de-vehicules-electriques-vendus-une-evolution-vers-lelectrification-durable\/#primaryimage","url":"https:\/\/www.nissan-couriant.fr\/blog\/wp-content\/uploads\/2023\/08\/Article-COURIANT-aout-leaf-ariya3.jpg","contentUrl":"https:\/\/www.nissan-couriant.fr\/blog\/wp-content\/uploads\/2023\/08\/Article-COURIANT-aout-leaf-ariya3.jpg","width":1400,"height":540},{"@type":"BreadcrumbList","@id":"https:\/\/www.nissan-couriant.fr\/blog\/2023\/08\/16\/nissan-un-million-de-vehicules-electriques-vendus-une-evolution-vers-lelectrification-durable\/#breadcrumb","itemListElement":[{"@type":"ListItem","position":1,"name":"Accueil","item":"https:\/\/www.nissan-couriant.fr\/blog\/"},{"@type":"ListItem","position":2,"name":"Nissan : Un million de v\u00e9hicules \u00e9lectriques vendus, une \u00e9volution vers l&rsquo;\u00e9lectrification durable"}]},{"@type":"WebSite","@id":"https:\/\/www.nissan-couriant.fr\/blog\/#website","url":"https:\/\/www.nissan-couriant.fr\/blog\/","name":"Nissan Couriant Aix en Provence","description":"Distributeur Nissan \u00e0 Aix en Provence et Pays d&#039;Aix, v\u00e9hicules neufs et d&#039;occasion","potentialAction":[{"@type":"SearchAction","target":{"@type":"EntryPoint","urlTemplate":"https:\/\/www.nissan-couriant.fr\/blog\/?s={search_term_string}"},"query-input":{"@type":"PropertyValueSpecification","valueRequired":true,"valueName":"search_term_string"}}],"inLanguage":"fr-FR"},{"@type":"Person","@id":"https:\/\/www.nissan-couriant.fr\/blog\/#\/schema\/person\/52bdc0dc441b0b4f99d3fb01ee205ce9","name":"Micaela Moroni","image":{"@type":"ImageObject","inLanguage":"fr-FR","@id":"https:\/\/www.nissan-couriant.fr\/blog\/#\/schema\/person\/image\/","url":"https:\/\/secure.gravatar.com\/avatar\/01d2915fbbc21dec310b5998c79147b2?s=96&d=mm&r=g","contentUrl":"https:\/\/secure.gravatar.com\/avatar\/01d2915fbbc21dec310b5998c79147b2?s=96&d=mm&r=g","caption":"Micaela Moroni"},"url":"https:\/\/www.nissan-couriant.fr\/blog\/author\/maxence\/"}]}},"publishpress_future_action":{"enabled":false,"date":"2026-09-13 14:36:51","action":"change-status","newStatus":"draft","terms":[],"taxonomy":"category"},"publishpress_future_workflow_manual_trigger":{"enabledWorkflows":[]},"_links":{"self":[{"href":"https:\/\/www.nissan-couriant.fr\/blog\/wp-json\/wp\/v2\/posts\/26962","targetHints":{"allow":["GET"]}}],"collection":[{"href":"https:\/\/www.nissan-couriant.fr\/blog\/wp-json\/wp\/v2\/posts"}],"about":[{"href":"https:\/\/www.nissan-couriant.fr\/blog\/wp-json\/wp\/v2\/types\/post"}],"author":[{"embeddable":true,"href":"https:\/\/www.nissan-couriant.fr\/blog\/wp-json\/wp\/v2\/users\/1100"}],"replies":[{"embeddable":true,"href":"https:\/\/www.nissan-couriant.fr\/blog\/wp-json\/wp\/v2\/comments?post=26962"}],"version-history":[{"count":3,"href":"https:\/\/www.nissan-couriant.fr\/blog\/wp-json\/wp\/v2\/posts\/26962\/revisions"}],"predecessor-version":[{"id":26982,"href":"https:\/\/www.nissan-couriant.fr\/blog\/wp-json\/wp\/v2\/posts\/26962\/revisions\/26982"}],"wp:featuredmedia":[{"embeddable":true,"href":"https:\/\/www.nissan-couriant.fr\/blog\/wp-json\/wp\/v2\/media\/26969"}],"wp:attachment":[{"href":"https:\/\/www.nissan-couriant.fr\/blog\/wp-json\/wp\/v2\/media?parent=26962"}],"wp:term":[{"taxonomy":"category","embeddable":true,"href":"https:\/\/www.nissan-couriant.fr\/blog\/wp-json\/wp\/v2\/categories?post=26962"},{"taxonomy":"post_tag","embeddable":true,"href":"https:\/\/www.nissan-couriant.fr\/blog\/wp-json\/wp\/v2\/tags?post=26962"}],"curies":[{"name":"wp","href":"https:\/\/api.w.org\/{rel}","templated":true}]}}